{"id":144247,"date":"2022-03-29T10:59:55","date_gmt":"2022-03-29T14:59:55","guid":{"rendered":"https:\/\/linitiative.ca\/International\/programme-forsa-voici-le-nombre-de-projets-beneficiaires-par-region\/"},"modified":"2022-03-29T10:59:55","modified_gmt":"2022-03-29T14:59:55","slug":"programme-forsa-voici-le-nombre-de-projets-beneficiaires-par-region","status":"publish","type":"post","link":"https:\/\/linitiative.ca\/International\/programme-forsa-voici-le-nombre-de-projets-beneficiaires-par-region\/","title":{"rendered":"Programme Forsa : voici le nombre de projets b\u00e9n\u00e9ficiaires par r\u00e9gion"},"content":{"rendered":"<div><img decoding=\"async\" width=\"869\" height=\"546\" src=\"https:\/\/linitiative.ca\/International\/wp-content\/uploads\/sites\/23\/2022\/03\/entrepreneuriat-1.jpg\" class=\"attachment-post-thumbnail size-post-thumbnail wp-post-image\" alt=\"\" loading=\"lazy\" srcset=\"https:\/\/linitiative.ca\/International\/wp-content\/uploads\/sites\/23\/2022\/03\/entrepreneuriat-1.jpg 869w, https:\/\/www.challenge.ma\/wp-content\/uploads\/2021\/01\/entrepreneuriat-300x188.jpg 300w, https:\/\/www.challenge.ma\/wp-content\/uploads\/2021\/01\/entrepreneuriat-768x483.jpg 768w, https:\/\/www.challenge.ma\/wp-content\/uploads\/2021\/01\/entrepreneuriat-360x226.jpg 360w, https:\/\/www.challenge.ma\/wp-content\/uploads\/2021\/01\/entrepreneuriat-750x471.jpg 750w\" sizes=\"auto, (max-width: 869px) 100vw, 869px\" itemprop=\"image\">La Soci\u00e9t\u00e9 Marocaine d\u2019Ing\u00e9nierie Touristique SMIT, charg\u00e9e de la gestion du programme Forsa, a lanc\u00e9, mardi 29 mars, des appels d\u2019offres en vue de s\u00e9lectionner des Institutions de Financement (IF) au niveau de chacune des 12 r\u00e9gions du Royaume, communiquant le nombre de projets b\u00e9n\u00e9ficiaires par r\u00e9gion. Les IF auront<\/div>\n<p>Auteur: Mehdi Ouazzani<br \/>\n<a href=\"https:\/\/www.challenge.ma\/programme-forsa-voici-le-nombre-de-projets-beneficiaires-au-niveau-de-chacune-par-region-235703\/\">Cliquez ici pour lire l&rsquo;article depuis sa source.<\/a><\/p>\n","protected":false},"excerpt":{"rendered":"<p>La Soci\u00e9t\u00e9 Marocaine d\u2019Ing\u00e9nierie Touristique SMIT, charg\u00e9e de la gestion du programme Forsa, a lanc\u00e9, mardi 29 mars, des appels d\u2019offres en vue de s\u00e9lectionner des Institutions de Financement (IF) au niveau de chacune des 12 r\u00e9gions du Royaume, communiquant le nombre de projets b\u00e9n\u00e9ficiaires par r\u00e9gion. Les IF auront Auteur: Mehdi Ouazzani Cliquez ici [&hellip;]<\/p>\n","protected":false},"author":1787,"featured_media":0,"comment_status":"closed","ping_status":"closed","sticky":false,"template":"","format":"standard","meta":{"fifu_image_url":"https:\/\/www.challenge.ma\/wp-content\/uploads\/2021\/01\/entrepreneuriat.jpg","fifu_image_alt":"Programme Forsa : voici le nombre de projets b\u00e9n\u00e9ficiaires par r\u00e9gion","footnotes":""},"categories":[78,54],"tags":[],"class_list":["post-144247","post","type-post","status-publish","format-standard","hentry","category-economie","category-maroc"],"_links":{"self":[{"href":"https:\/\/linitiative.ca\/International\/wp-json\/wp\/v2\/posts\/144247","targetHints":{"allow":["GET"]}}],"collection":[{"href":"https:\/\/linitiative.ca\/International\/wp-json\/wp\/v2\/posts"}],"about":[{"href":"https:\/\/linitiative.ca\/International\/wp-json\/wp\/v2\/types\/post"}],"author":[{"embeddable":true,"href":"https:\/\/linitiative.ca\/International\/wp-json\/wp\/v2\/users\/1787"}],"replies":[{"embeddable":true,"href":"https:\/\/linitiative.ca\/International\/wp-json\/wp\/v2\/comments?post=144247"}],"version-history":[{"count":0,"href":"https:\/\/linitiative.ca\/International\/wp-json\/wp\/v2\/posts\/144247\/revisions"}],"wp:attachment":[{"href":"https:\/\/linitiative.ca\/International\/wp-json\/wp\/v2\/media?parent=144247"}],"wp:term":[{"taxonomy":"category","embeddable":true,"href":"https:\/\/linitiative.ca\/International\/wp-json\/wp\/v2\/categories?post=144247"},{"taxonomy":"post_tag","embeddable":true,"href":"https:\/\/linitiative.ca\/International\/wp-json\/wp\/v2\/tags?post=144247"}],"curies":[{"name":"wp","href":"https:\/\/api.w.org\/{rel}","templated":true}]}}