{"id":144253,"date":"2022-03-29T16:33:47","date_gmt":"2022-03-29T20:33:47","guid":{"rendered":"https:\/\/linitiative.ca\/International\/tunisie-aide-socialelhumiliation-des-demunis-continue\/"},"modified":"2022-03-29T16:33:47","modified_gmt":"2022-03-29T20:33:47","slug":"tunisie-aide-socialelhumiliation-des-demunis-continue","status":"publish","type":"post","link":"https:\/\/linitiative.ca\/International\/tunisie-aide-socialelhumiliation-des-demunis-continue\/","title":{"rendered":"Tunisie \u2013 Aide sociale\u2026l\u2019humiliation des d\u00e9munis continue"},"content":{"rendered":"<div>\n<p>Comme chaque ann\u00e9e, et \u00e0 l\u2019approche du mois de Ramadan, le minist\u00e8re des affaires sociales vient de d\u00e9clarer aujourd\u2019hui mardi 29 mars 2022 qu\u2019\u00e0 l\u2019occasion du mois sacr\u00e9 et de la f\u00eate de l\u2019Aid el-Fitr, deux tranches d\u2019aides sociales seront octroy\u00e9es aux familles n\u00e9cessiteuses b\u00e9n\u00e9ficiant du programme gouvernemental de soutien financier. La premi\u00e8re tranche qui [\u2026]<\/p>\n<p>L\u2019article <a href=\"https:\/\/www.tunisienumerique.com\/tunisie-aide-socialelhumiliation-des-demunis-continue\/\">Tunisie \u2013 Aide sociale\u2026l\u2019humiliation des d\u00e9munis continue<\/a> est apparu en premier sur <a href=\"https:\/\/www.tunisienumerique.com\/\">Tunisie<\/a>.<\/p>\n<\/div>\n<p>Auteur: Mohamed Ben Abderrazek<br \/>\n<a href=\"https:\/\/www.tunisienumerique.com\/tunisie-aide-socialelhumiliation-des-demunis-continue\/\">Cliquez ici pour lire l&rsquo;article depuis sa source.<\/a><\/p>\n","protected":false},"excerpt":{"rendered":"<p>Comme chaque ann\u00e9e, et \u00e0 l\u2019approche du mois de Ramadan, le minist\u00e8re des affaires sociales vient de d\u00e9clarer aujourd\u2019hui mardi 29 mars 2022 qu\u2019\u00e0 l\u2019occasion du mois sacr\u00e9 et de la f\u00eate de l\u2019Aid el-Fitr, deux tranches d\u2019aides sociales seront octroy\u00e9es aux familles n\u00e9cessiteuses b\u00e9n\u00e9ficiant du programme gouvernemental de soutien financier. La premi\u00e8re tranche qui [&hellip;]<\/p>\n","protected":false},"author":1789,"featured_media":0,"comment_status":"closed","ping_status":"closed","sticky":false,"template":"","format":"standard","meta":{"fifu_image_url":"","fifu_image_alt":"","footnotes":""},"categories":[73,55],"tags":[],"class_list":["post-144253","post","type-post","status-publish","format-standard","hentry","category-actualite","category-tunisie"],"_links":{"self":[{"href":"https:\/\/linitiative.ca\/International\/wp-json\/wp\/v2\/posts\/144253","targetHints":{"allow":["GET"]}}],"collection":[{"href":"https:\/\/linitiative.ca\/International\/wp-json\/wp\/v2\/posts"}],"about":[{"href":"https:\/\/linitiative.ca\/International\/wp-json\/wp\/v2\/types\/post"}],"author":[{"embeddable":true,"href":"https:\/\/linitiative.ca\/International\/wp-json\/wp\/v2\/users\/1789"}],"replies":[{"embeddable":true,"href":"https:\/\/linitiative.ca\/International\/wp-json\/wp\/v2\/comments?post=144253"}],"version-history":[{"count":0,"href":"https:\/\/linitiative.ca\/International\/wp-json\/wp\/v2\/posts\/144253\/revisions"}],"wp:attachment":[{"href":"https:\/\/linitiative.ca\/International\/wp-json\/wp\/v2\/media?parent=144253"}],"wp:term":[{"taxonomy":"category","embeddable":true,"href":"https:\/\/linitiative.ca\/International\/wp-json\/wp\/v2\/categories?post=144253"},{"taxonomy":"post_tag","embeddable":true,"href":"https:\/\/linitiative.ca\/International\/wp-json\/wp\/v2\/tags?post=144253"}],"curies":[{"name":"wp","href":"https:\/\/api.w.org\/{rel}","templated":true}]}}