{"id":144254,"date":"2022-03-29T16:45:30","date_gmt":"2022-03-29T20:45:30","guid":{"rendered":"https:\/\/linitiative.ca\/International\/tunisie-video-un-pret-europeen-de-15-milliard-deuros-pour-soutenir-la-tunisie\/"},"modified":"2022-03-29T16:45:30","modified_gmt":"2022-03-29T20:45:30","slug":"tunisie-video-un-pret-europeen-de-15-milliard-deuros-pour-soutenir-la-tunisie","status":"publish","type":"post","link":"https:\/\/linitiative.ca\/International\/tunisie-video-un-pret-europeen-de-15-milliard-deuros-pour-soutenir-la-tunisie\/","title":{"rendered":"Tunisie [VIDEO] : Un pr\u00eat europ\u00e9en de 1,5 milliard d\u2019euros pour soutenir la Tunisie"},"content":{"rendered":"<div>\n<p>Le commissaire de l\u2019Union europ\u00e9enne charg\u00e9 de l\u2019\u00e9largissement et de la politique de voisinage, Olivier Varhelyi a r\u00e9v\u00e9l\u00e9, dans un communiqu\u00e9 de presse ce mardi 29 mars 2022, en marge de la signature d\u2019un accord avec le ministre de l\u2019\u00c9conomie, que l\u2019Europe continue de soutenir la Tunisie et lui a accord\u00e9 un pr\u00eat bonifi\u00e9 de [\u2026]<\/p>\n<p>L\u2019article <a href=\"https:\/\/www.tunisienumerique.com\/tunisie-video-un-pret-europeen-de-15-milliards-pour-soutenir-la-tunisie\/\">Tunisie [VIDEO] : Un pr\u00eat europ\u00e9en de 1,5 milliard d\u2019euros pour soutenir la Tunisie<\/a> est apparu en premier sur <a href=\"https:\/\/www.tunisienumerique.com\/\">Tunisie<\/a>.<\/p>\n<\/div>\n<p>Auteur: rania ben slimane<br \/>\n<a href=\"https:\/\/www.tunisienumerique.com\/tunisie-video-un-pret-europeen-de-15-milliards-pour-soutenir-la-tunisie\/\">Cliquez ici pour lire l&rsquo;article depuis sa source.<\/a><\/p>\n","protected":false},"excerpt":{"rendered":"<p>Le commissaire de l\u2019Union europ\u00e9enne charg\u00e9 de l\u2019\u00e9largissement et de la politique de voisinage, Olivier Varhelyi a r\u00e9v\u00e9l\u00e9, dans un communiqu\u00e9 de presse ce mardi 29 mars 2022, en marge de la signature d\u2019un accord avec le ministre de l\u2019\u00c9conomie, que l\u2019Europe continue de soutenir la Tunisie et lui a accord\u00e9 un pr\u00eat bonifi\u00e9 de [&hellip;]<\/p>\n","protected":false},"author":1789,"featured_media":0,"comment_status":"closed","ping_status":"closed","sticky":false,"template":"","format":"standard","meta":{"fifu_image_url":"","fifu_image_alt":"","footnotes":""},"categories":[73,55],"tags":[],"class_list":["post-144254","post","type-post","status-publish","format-standard","hentry","category-actualite","category-tunisie"],"_links":{"self":[{"href":"https:\/\/linitiative.ca\/International\/wp-json\/wp\/v2\/posts\/144254","targetHints":{"allow":["GET"]}}],"collection":[{"href":"https:\/\/linitiative.ca\/International\/wp-json\/wp\/v2\/posts"}],"about":[{"href":"https:\/\/linitiative.ca\/International\/wp-json\/wp\/v2\/types\/post"}],"author":[{"embeddable":true,"href":"https:\/\/linitiative.ca\/International\/wp-json\/wp\/v2\/users\/1789"}],"replies":[{"embeddable":true,"href":"https:\/\/linitiative.ca\/International\/wp-json\/wp\/v2\/comments?post=144254"}],"version-history":[{"count":0,"href":"https:\/\/linitiative.ca\/International\/wp-json\/wp\/v2\/posts\/144254\/revisions"}],"wp:attachment":[{"href":"https:\/\/linitiative.ca\/International\/wp-json\/wp\/v2\/media?parent=144254"}],"wp:term":[{"taxonomy":"category","embeddable":true,"href":"https:\/\/linitiative.ca\/International\/wp-json\/wp\/v2\/categories?post=144254"},{"taxonomy":"post_tag","embeddable":true,"href":"https:\/\/linitiative.ca\/International\/wp-json\/wp\/v2\/tags?post=144254"}],"curies":[{"name":"wp","href":"https:\/\/api.w.org\/{rel}","templated":true}]}}