{"id":144255,"date":"2022-03-29T16:53:18","date_gmt":"2022-03-29T20:53:18","guid":{"rendered":"https:\/\/linitiative.ca\/International\/barrages-mondialistes-europeens-le-portugal-et-la-pologne-iront-au-qatar\/"},"modified":"2022-03-29T16:53:18","modified_gmt":"2022-03-29T20:53:18","slug":"barrages-mondialistes-europeens-le-portugal-et-la-pologne-iront-au-qatar","status":"publish","type":"post","link":"https:\/\/linitiative.ca\/International\/barrages-mondialistes-europeens-le-portugal-et-la-pologne-iront-au-qatar\/","title":{"rendered":"Barrages mondialistes europ\u00e9ens : Le Portugal et la Pologne iront au Qatar"},"content":{"rendered":"<div>\n<p>Les deux barragistes europ\u00e9ens qui sont qualifi\u00e9s au Qatar sont connus. le Portugal de CR7 et la Pologne de Robert Lewandowski. Quant au Portugal, il verra bien le Qatar en fin d\u2019ann\u00e9e, apr\u00e8s avoir facilement impos\u00e9 leur sup\u00e9riorit\u00e9 contre la Mac\u00e9doine du Nord (2-0) et prendre les devants gr\u00e2ce \u00e0 un doubl\u00e9 de Bruno Fernandes [\u2026]<\/p>\n<p>L\u2019article <a href=\"https:\/\/sport.tunisienumerique.com\/barrages-mondialistes-europeens-le-portugal-et-la-pologne-iront-au-qatar\/\">Barrages mondialistes europ\u00e9ens : Le Portugal et la Pologne iront au Qatar<\/a> est apparu en premier sur <a href=\"https:\/\/www.tunisienumerique.com\/\">Tunisie<\/a>.<\/p>\n<\/div>\n<p>Auteur: Hamza Ben Khlifa<br \/>\n<a href=\"https:\/\/sport.tunisienumerique.com\/barrages-mondialistes-europeens-le-portugal-et-la-pologne-iront-au-qatar\/\">Cliquez ici pour lire l&rsquo;article depuis sa source.<\/a><\/p>\n","protected":false},"excerpt":{"rendered":"<p>Les deux barragistes europ\u00e9ens qui sont qualifi\u00e9s au Qatar sont connus. le Portugal de CR7 et la Pologne de Robert Lewandowski. Quant au Portugal, il verra bien le Qatar en fin d\u2019ann\u00e9e, apr\u00e8s avoir facilement impos\u00e9 leur sup\u00e9riorit\u00e9 contre la Mac\u00e9doine du Nord (2-0) et prendre les devants gr\u00e2ce \u00e0 un doubl\u00e9 de Bruno Fernandes [&hellip;]<\/p>\n","protected":false},"author":1789,"featured_media":0,"comment_status":"closed","ping_status":"closed","sticky":false,"template":"","format":"standard","meta":{"fifu_image_url":"","fifu_image_alt":"","footnotes":""},"categories":[73,55],"tags":[],"class_list":["post-144255","post","type-post","status-publish","format-standard","hentry","category-actualite","category-tunisie"],"_links":{"self":[{"href":"https:\/\/linitiative.ca\/International\/wp-json\/wp\/v2\/posts\/144255","targetHints":{"allow":["GET"]}}],"collection":[{"href":"https:\/\/linitiative.ca\/International\/wp-json\/wp\/v2\/posts"}],"about":[{"href":"https:\/\/linitiative.ca\/International\/wp-json\/wp\/v2\/types\/post"}],"author":[{"embeddable":true,"href":"https:\/\/linitiative.ca\/International\/wp-json\/wp\/v2\/users\/1789"}],"replies":[{"embeddable":true,"href":"https:\/\/linitiative.ca\/International\/wp-json\/wp\/v2\/comments?post=144255"}],"version-history":[{"count":0,"href":"https:\/\/linitiative.ca\/International\/wp-json\/wp\/v2\/posts\/144255\/revisions"}],"wp:attachment":[{"href":"https:\/\/linitiative.ca\/International\/wp-json\/wp\/v2\/media?parent=144255"}],"wp:term":[{"taxonomy":"category","embeddable":true,"href":"https:\/\/linitiative.ca\/International\/wp-json\/wp\/v2\/categories?post=144255"},{"taxonomy":"post_tag","embeddable":true,"href":"https:\/\/linitiative.ca\/International\/wp-json\/wp\/v2\/tags?post=144255"}],"curies":[{"name":"wp","href":"https:\/\/api.w.org\/{rel}","templated":true}]}}