{"id":144256,"date":"2022-03-29T17:06:43","date_gmt":"2022-03-29T21:06:43","guid":{"rendered":"https:\/\/linitiative.ca\/International\/tunisie-avant-lepopee-de-rades-la-ville-de-kasserine-plongee-dans-le-noir\/"},"modified":"2022-03-29T17:06:43","modified_gmt":"2022-03-29T21:06:43","slug":"tunisie-avant-lepopee-de-rades-la-ville-de-kasserine-plongee-dans-le-noir","status":"publish","type":"post","link":"https:\/\/linitiative.ca\/International\/tunisie-avant-lepopee-de-rades-la-ville-de-kasserine-plongee-dans-le-noir\/","title":{"rendered":"Tunisie-Avant \u201cl\u2019Epop\u00e9e de Rad\u00e8s\u201d : La ville de Kasserine plong\u00e9e dans le noir"},"content":{"rendered":"<div>\n<p>Plusieurs quartiers de la ville de Kasserine ont \u00e9t\u00e9 t\u00e9moins de coupure de courant, ce soir, mardi 29 mars 2022, quelques minutes avant la rencontre entre la Tunisie et le Mali, qui a provoqu\u00e9 le m\u00e9contentement des supporters de football qui attendaient le coup de sifflet du d\u00e9part dans les caf\u00e9s et maisons. L\u2019\u00e9lectricit\u00e9 a [\u2026]<\/p>\n<p>L\u2019article <a href=\"https:\/\/www.tunisienumerique.com\/tunisie-avant-lepopee-de-rades-la-ville-de-kasserine-plongee-dans-le-noir\/\">Tunisie-Avant \u201cl\u2019Epop\u00e9e de Rad\u00e8s\u201d : La ville de Kasserine plong\u00e9e dans le noir<\/a> est apparu en premier sur <a href=\"https:\/\/www.tunisienumerique.com\/\">Tunisie<\/a>.<\/p>\n<\/div>\n<p>Auteur: rania ben slimane<br \/>\n<a href=\"https:\/\/www.tunisienumerique.com\/tunisie-avant-lepopee-de-rades-la-ville-de-kasserine-plongee-dans-le-noir\/\">Cliquez ici pour lire l&rsquo;article depuis sa source.<\/a><\/p>\n","protected":false},"excerpt":{"rendered":"<p>Plusieurs quartiers de la ville de Kasserine ont \u00e9t\u00e9 t\u00e9moins de coupure de courant, ce soir, mardi 29 mars 2022, quelques minutes avant la rencontre entre la Tunisie et le Mali, qui a provoqu\u00e9 le m\u00e9contentement des supporters de football qui attendaient le coup de sifflet du d\u00e9part dans les caf\u00e9s et maisons. L\u2019\u00e9lectricit\u00e9 a [&hellip;]<\/p>\n","protected":false},"author":1789,"featured_media":0,"comment_status":"closed","ping_status":"closed","sticky":false,"template":"","format":"standard","meta":{"fifu_image_url":"","fifu_image_alt":"","footnotes":""},"categories":[73,55],"tags":[],"class_list":["post-144256","post","type-post","status-publish","format-standard","hentry","category-actualite","category-tunisie"],"_links":{"self":[{"href":"https:\/\/linitiative.ca\/International\/wp-json\/wp\/v2\/posts\/144256","targetHints":{"allow":["GET"]}}],"collection":[{"href":"https:\/\/linitiative.ca\/International\/wp-json\/wp\/v2\/posts"}],"about":[{"href":"https:\/\/linitiative.ca\/International\/wp-json\/wp\/v2\/types\/post"}],"author":[{"embeddable":true,"href":"https:\/\/linitiative.ca\/International\/wp-json\/wp\/v2\/users\/1789"}],"replies":[{"embeddable":true,"href":"https:\/\/linitiative.ca\/International\/wp-json\/wp\/v2\/comments?post=144256"}],"version-history":[{"count":0,"href":"https:\/\/linitiative.ca\/International\/wp-json\/wp\/v2\/posts\/144256\/revisions"}],"wp:attachment":[{"href":"https:\/\/linitiative.ca\/International\/wp-json\/wp\/v2\/media?parent=144256"}],"wp:term":[{"taxonomy":"category","embeddable":true,"href":"https:\/\/linitiative.ca\/International\/wp-json\/wp\/v2\/categories?post=144256"},{"taxonomy":"post_tag","embeddable":true,"href":"https:\/\/linitiative.ca\/International\/wp-json\/wp\/v2\/tags?post=144256"}],"curies":[{"name":"wp","href":"https:\/\/api.w.org\/{rel}","templated":true}]}}