{"id":144257,"date":"2022-03-29T17:23:10","date_gmt":"2022-03-29T21:23:10","guid":{"rendered":"https:\/\/linitiative.ca\/International\/tunisie-photos-le-developpement-du-travail-de-securite-au-coeur-dune-reunion-entre-le-ministre-de-linterieur-et-de-lambassadeur-de-turquie\/"},"modified":"2022-03-29T17:23:10","modified_gmt":"2022-03-29T21:23:10","slug":"tunisie-photos-le-developpement-du-travail-de-securite-au-coeur-dune-reunion-entre-le-ministre-de-linterieur-et-de-lambassadeur-de-turquie","status":"publish","type":"post","link":"https:\/\/linitiative.ca\/International\/tunisie-photos-le-developpement-du-travail-de-securite-au-coeur-dune-reunion-entre-le-ministre-de-linterieur-et-de-lambassadeur-de-turquie\/","title":{"rendered":"Tunisie [PHOTOS] : Le d\u00e9veloppement du travail de s\u00e9curit\u00e9, au c\u0153ur d\u2019une r\u00e9union entre le ministre de l\u2019Int\u00e9rieur et de l\u2019ambassadeur de Turquie"},"content":{"rendered":"<div>\n<p>Le ministre de l\u2019Int\u00e9rieur, Taoufik Charfeddine a re\u00e7u ce soir, mardi 29 mars 2022, au si\u00e8ge du minist\u00e8re, l\u2019ambassadeur de Turquie en Tunisie, \u00c7a\u011flar Fehri \u015eakir Alp. Les deux parties ont discut\u00e9 de la coop\u00e9ration existante entre les deux pays et des moyens de la d\u00e9velopper dans la p\u00e9riode \u00e0 venir, notamment en acc\u00e9l\u00e9rant l\u2019organisation [\u2026]<\/p>\n<p>L\u2019article <a href=\"https:\/\/www.tunisienumerique.com\/tunisie-photos-le-developpement-du-travail-de-securite-au-coeur-dune-reunion-entre-le-ministre-de-linterieur-et-de-lambassadeur-de-turquie\/\">Tunisie [PHOTOS] : Le d\u00e9veloppement du travail de s\u00e9curit\u00e9, au c\u0153ur d\u2019une r\u00e9union entre le ministre de l\u2019Int\u00e9rieur et de l\u2019ambassadeur de Turquie<\/a> est apparu en premier sur <a href=\"https:\/\/www.tunisienumerique.com\/\">Tunisie<\/a>.<\/p>\n<\/div>\n<p>Auteur: rania ben slimane<br \/>\n<a href=\"https:\/\/www.tunisienumerique.com\/tunisie-photos-le-developpement-du-travail-de-securite-au-coeur-dune-reunion-entre-le-ministre-de-linterieur-et-de-lambassadeur-de-turquie\/\">Cliquez ici pour lire l&rsquo;article depuis sa source.<\/a><\/p>\n","protected":false},"excerpt":{"rendered":"<p>Le ministre de l\u2019Int\u00e9rieur, Taoufik Charfeddine a re\u00e7u ce soir, mardi 29 mars 2022, au si\u00e8ge du minist\u00e8re, l\u2019ambassadeur de Turquie en Tunisie, \u00c7a\u011flar Fehri \u015eakir Alp. Les deux parties ont discut\u00e9 de la coop\u00e9ration existante entre les deux pays et des moyens de la d\u00e9velopper dans la p\u00e9riode \u00e0 venir, notamment en acc\u00e9l\u00e9rant l\u2019organisation [&hellip;]<\/p>\n","protected":false},"author":1789,"featured_media":0,"comment_status":"closed","ping_status":"closed","sticky":false,"template":"","format":"standard","meta":{"fifu_image_url":"","fifu_image_alt":"","footnotes":""},"categories":[73,55],"tags":[],"class_list":["post-144257","post","type-post","status-publish","format-standard","hentry","category-actualite","category-tunisie"],"_links":{"self":[{"href":"https:\/\/linitiative.ca\/International\/wp-json\/wp\/v2\/posts\/144257","targetHints":{"allow":["GET"]}}],"collection":[{"href":"https:\/\/linitiative.ca\/International\/wp-json\/wp\/v2\/posts"}],"about":[{"href":"https:\/\/linitiative.ca\/International\/wp-json\/wp\/v2\/types\/post"}],"author":[{"embeddable":true,"href":"https:\/\/linitiative.ca\/International\/wp-json\/wp\/v2\/users\/1789"}],"replies":[{"embeddable":true,"href":"https:\/\/linitiative.ca\/International\/wp-json\/wp\/v2\/comments?post=144257"}],"version-history":[{"count":0,"href":"https:\/\/linitiative.ca\/International\/wp-json\/wp\/v2\/posts\/144257\/revisions"}],"wp:attachment":[{"href":"https:\/\/linitiative.ca\/International\/wp-json\/wp\/v2\/media?parent=144257"}],"wp:term":[{"taxonomy":"category","embeddable":true,"href":"https:\/\/linitiative.ca\/International\/wp-json\/wp\/v2\/categories?post=144257"},{"taxonomy":"post_tag","embeddable":true,"href":"https:\/\/linitiative.ca\/International\/wp-json\/wp\/v2\/tags?post=144257"}],"curies":[{"name":"wp","href":"https:\/\/api.w.org\/{rel}","templated":true}]}}