{"id":144258,"date":"2022-03-29T15:13:33","date_gmt":"2022-03-29T19:13:33","guid":{"rendered":"https:\/\/linitiative.ca\/International\/accusations-contre-larmee-malienne-le-mali-dans-une-logique-dobsession-des-chiffres\/"},"modified":"2022-03-29T15:13:33","modified_gmt":"2022-03-29T19:13:33","slug":"accusations-contre-larmee-malienne-le-mali-dans-une-logique-dobsession-des-chiffres","status":"publish","type":"post","link":"https:\/\/linitiative.ca\/International\/accusations-contre-larmee-malienne-le-mali-dans-une-logique-dobsession-des-chiffres\/","title":{"rendered":"ACCUSATIONS CONTRE L\u2019ARMEE MALIENNE : Le Mali dans une logique d\u2019obsession des chiffres\u00a0?"},"content":{"rendered":"<div>\n<p><img loading=\"lazy\" decoding=\"async\" width=\"592\" height=\"296\" src=\"https:\/\/linitiative.ca\/International\/wp-content\/uploads\/sites\/23\/2022\/03\/MALI-3.jpg\" class=\"attachment- size- wp-post-image\" alt=\"\" style=\"float:left; margin:0 15px 15px 0;\" srcset=\"https:\/\/linitiative.ca\/International\/wp-content\/uploads\/sites\/23\/2022\/03\/MALI-3.jpg 592w, https:\/\/lepays.bf\/wp-content\/uploads\/2022\/03\/MALI-3-300x150.jpg 300w, https:\/\/lepays.bf\/wp-content\/uploads\/2022\/03\/MALI-3-150x75.jpg 150w\" sizes=\"auto, (max-width: 592px) 100vw, 592px\">L\u2019arm\u00e9e malienne est une fois de plus sur la sellette. En effet, en plus de lourdes pertes qu\u2019elle vient de subir, elle est accus\u00e9e d\u2019avoir froidement ex\u00e9cut\u00e9 quinze civils \u00e0 Ansongo, entre Gao et M\u00e9naka, qui ont \u00e9t\u00e9 enterr\u00e9s dans une fosse commune. Dans le [\u2026]<\/p>\n<p>L\u2019article <a rel=\"nofollow\" href=\"https:\/\/lepays.bf\/accusations-contre-larmee-malienne-le-mali-dans-une-logique-dobsession-des-chiffres\/\">ACCUSATIONS CONTRE L\u2019ARMEE MALIENNE : Le Mali dans une logique d\u2019obsession des chiffres\u00a0?<\/a> est apparu en premier sur <a rel=\"nofollow\" href=\"https:\/\/lepays.bf\/\">Editions Le Pays<\/a>.<\/p>\n<\/div>\n<p>Auteur: Editions LEPAYS<br \/>\n<a href=\"https:\/\/lepays.bf\/accusations-contre-larmee-malienne-le-mali-dans-une-logique-dobsession-des-chiffres\/\">Cliquez ici pour lire l&rsquo;article depuis sa source.<\/a><\/p>\n","protected":false},"excerpt":{"rendered":"<p>L\u2019arm\u00e9e malienne est une fois de plus sur la sellette. En effet, en plus de lourdes pertes qu\u2019elle vient de subir, elle est accus\u00e9e d\u2019avoir froidement ex\u00e9cut\u00e9 quinze civils \u00e0 Ansongo, entre Gao et M\u00e9naka, qui ont \u00e9t\u00e9 enterr\u00e9s dans une fosse commune. Dans le [\u2026] L\u2019article ACCUSATIONS CONTRE L\u2019ARMEE MALIENNE : Le Mali dans [&hellip;]<\/p>\n","protected":false},"author":1813,"featured_media":0,"comment_status":"closed","ping_status":"closed","sticky":false,"template":"","format":"standard","meta":{"fifu_image_url":"https:\/\/lepays.bf\/wp-content\/uploads\/2022\/03\/MALI-3.jpg","fifu_image_alt":"ACCUSATIONS CONTRE L\u2019ARMEE MALIENNE : Le Mali dans une logique d\u2019obsession des chiffres\u00a0?","footnotes":""},"categories":[73,81],"tags":[],"class_list":["post-144258","post","type-post","status-publish","format-standard","hentry","category-actualite","category-burkina-faso"],"_links":{"self":[{"href":"https:\/\/linitiative.ca\/International\/wp-json\/wp\/v2\/posts\/144258","targetHints":{"allow":["GET"]}}],"collection":[{"href":"https:\/\/linitiative.ca\/International\/wp-json\/wp\/v2\/posts"}],"about":[{"href":"https:\/\/linitiative.ca\/International\/wp-json\/wp\/v2\/types\/post"}],"author":[{"embeddable":true,"href":"https:\/\/linitiative.ca\/International\/wp-json\/wp\/v2\/users\/1813"}],"replies":[{"embeddable":true,"href":"https:\/\/linitiative.ca\/International\/wp-json\/wp\/v2\/comments?post=144258"}],"version-history":[{"count":0,"href":"https:\/\/linitiative.ca\/International\/wp-json\/wp\/v2\/posts\/144258\/revisions"}],"wp:attachment":[{"href":"https:\/\/linitiative.ca\/International\/wp-json\/wp\/v2\/media?parent=144258"}],"wp:term":[{"taxonomy":"category","embeddable":true,"href":"https:\/\/linitiative.ca\/International\/wp-json\/wp\/v2\/categories?post=144258"},{"taxonomy":"post_tag","embeddable":true,"href":"https:\/\/linitiative.ca\/International\/wp-json\/wp\/v2\/tags?post=144258"}],"curies":[{"name":"wp","href":"https:\/\/api.w.org\/{rel}","templated":true}]}}