{"id":144260,"date":"2022-03-29T09:36:57","date_gmt":"2022-03-29T13:36:57","guid":{"rendered":"https:\/\/linitiative.ca\/International\/ghana-reouverture-des-frontieres-terrestres-et-maritimes\/"},"modified":"2022-03-29T09:36:57","modified_gmt":"2022-03-29T13:36:57","slug":"ghana-reouverture-des-frontieres-terrestres-et-maritimes","status":"publish","type":"post","link":"https:\/\/linitiative.ca\/International\/ghana-reouverture-des-frontieres-terrestres-et-maritimes\/","title":{"rendered":"Ghana : r\u00e9ouverture des fronti\u00e8res terrestres et maritimes"},"content":{"rendered":"<div>\n<p>Ferm\u00e9es depuis deux ans \u00e0 cause du Covid-19, les \u00a0fronti\u00e8res terrestres et maritimes du Ghana \u00a0sont recouvertes et le port du masque dans les lieux publics n\u2019est plus obligatoire. Telle est la d\u00e9cision du pr\u00e9sident ghan\u00e9en Nana Akufo-Addo. <em>\u00ab\u00a0Ces deux derni\u00e8res ann\u00e9es ont \u00e9t\u00e9 difficiles pour chacun d\u2019entre nous, et nous voyons enfin la lumi\u00e8re au bout de ce tr\u00e8s long tunnel\u00a0\u00bb<\/em>, a d\u00e9clar\u00e9 le pr\u00e9sident au cours d\u2019un discours diffus\u00e9 par la t\u00e9l\u00e9vision nationale. \u00ab<em>J\u2019en appelle \u00e0 la responsabilit\u00e9 de chacun, de continuer \u00e0 nous prot\u00e9ger\u00a0\u00bb<\/em>, a-t-il lanc\u00e9 \u00e0 ses compatriotes.<\/p>\n<p>Selon nos conf\u00e8res de Africanews, la r\u00e9ouverture des fronti\u00e8res \u00e9tait attendue par de tr\u00e8s nombreux Ghan\u00e9ens, qui d\u00e9pendent du commerce transfrontalier avec le Togo, la C\u00f4te d\u2019Ivoire et le Burkina Faso.<\/p>\n<p>AK<\/p>\n<p>L\u2019article <a rel=\"nofollow\" href=\"https:\/\/www.sidwaya.info\/blog\/2022\/03\/29\/ghana-reouverture-des-frontieres-terrestres-et-maritimes\/\">Ghana : r\u00e9ouverture des fronti\u00e8res terrestres et maritimes<\/a> est apparu en premier sur <a rel=\"nofollow\" href=\"https:\/\/www.sidwaya.info\/\">Quotidien Sidwaya<\/a>.<\/p>\n<\/div>\n<p>Auteur: BANGRE SIDWAYA<br \/>\n<a href=\"https:\/\/www.sidwaya.info\/blog\/2022\/03\/29\/ghana-reouverture-des-frontieres-terrestres-et-maritimes\/?utm_source=rss&#038;utm_medium=rss&#038;utm_campaign=ghana-reouverture-des-frontieres-terrestres-et-maritimes\">Cliquez ici pour lire l&rsquo;article depuis sa source.<\/a><\/p>\n","protected":false},"excerpt":{"rendered":"<p>Ferm\u00e9es depuis deux ans \u00e0 cause du Covid-19, les \u00a0fronti\u00e8res terrestres et maritimes du Ghana \u00a0sont recouvertes et le port du masque dans les lieux publics n\u2019est plus obligatoire. Telle est la d\u00e9cision du pr\u00e9sident ghan\u00e9en Nana Akufo-Addo. \u00ab\u00a0Ces deux derni\u00e8res ann\u00e9es ont \u00e9t\u00e9 difficiles pour chacun d\u2019entre nous, et nous voyons enfin la lumi\u00e8re [&hellip;]<\/p>\n","protected":false},"author":1816,"featured_media":0,"comment_status":"closed","ping_status":"closed","sticky":false,"template":"","format":"standard","meta":{"fifu_image_url":"","fifu_image_alt":"","footnotes":""},"categories":[73,81],"tags":[],"class_list":["post-144260","post","type-post","status-publish","format-standard","hentry","category-actualite","category-burkina-faso"],"_links":{"self":[{"href":"https:\/\/linitiative.ca\/International\/wp-json\/wp\/v2\/posts\/144260","targetHints":{"allow":["GET"]}}],"collection":[{"href":"https:\/\/linitiative.ca\/International\/wp-json\/wp\/v2\/posts"}],"about":[{"href":"https:\/\/linitiative.ca\/International\/wp-json\/wp\/v2\/types\/post"}],"author":[{"embeddable":true,"href":"https:\/\/linitiative.ca\/International\/wp-json\/wp\/v2\/users\/1816"}],"replies":[{"embeddable":true,"href":"https:\/\/linitiative.ca\/International\/wp-json\/wp\/v2\/comments?post=144260"}],"version-history":[{"count":0,"href":"https:\/\/linitiative.ca\/International\/wp-json\/wp\/v2\/posts\/144260\/revisions"}],"wp:attachment":[{"href":"https:\/\/linitiative.ca\/International\/wp-json\/wp\/v2\/media?parent=144260"}],"wp:term":[{"taxonomy":"category","embeddable":true,"href":"https:\/\/linitiative.ca\/International\/wp-json\/wp\/v2\/categories?post=144260"},{"taxonomy":"post_tag","embeddable":true,"href":"https:\/\/linitiative.ca\/International\/wp-json\/wp\/v2\/tags?post=144260"}],"curies":[{"name":"wp","href":"https:\/\/api.w.org\/{rel}","templated":true}]}}