{"id":144261,"date":"2022-03-29T09:45:09","date_gmt":"2022-03-29T13:45:09","guid":{"rendered":"https:\/\/linitiative.ca\/International\/la-rdc-le-pays-va-integrer-la-communaute-dafrique-de-lest\/"},"modified":"2022-03-29T09:45:09","modified_gmt":"2022-03-29T13:45:09","slug":"la-rdc-le-pays-va-integrer-la-communaute-dafrique-de-lest","status":"publish","type":"post","link":"https:\/\/linitiative.ca\/International\/la-rdc-le-pays-va-integrer-la-communaute-dafrique-de-lest\/","title":{"rendered":"La RDC\u00a0: le pays va int\u00e9grer la Communaut\u00e9 d\u2019Afrique de l\u2019Est"},"content":{"rendered":"<div>\n<p>La R\u00e9publique d\u00e9mocratique du Congo (RDC) \u00a0sera bient\u00f4t le 7<sup>e<\/sup> pays membre de la Communaut\u00e9 d\u2019Afrique de l\u2019Est\u00a0 apr\u00e8s le Burundi, le Rwanda, le Kenya,\u00a0 l\u2019Ouganda, le Sud-Soudan et la Tanzanie. Cette adh\u00e9sion \u00e9tait un v\u0153u du pr\u00e9sident congolais F\u00e9lix Tshis\u00e9k\u00e9di, qui voulait un rapprochement avec l\u2019Est. Au sein de la Communaut\u00e9 d\u2019Afrique de l\u2019Est, la RDC devrait b\u00e9n\u00e9ficier de la r\u00e9duction des tarifs douaniers pour les marchandises r\u00e9ceptionn\u00e9es dans les ports de Mombassa au Kenya et de Dar es-Salaam en Tanzanie. Plusieurs pays de l\u2019EAC figurent parmi les principaux partenaires commerciaux africains de la RDC qui pourrait \u00e9galement tirer profit du Pacte de s\u00e9curit\u00e9 collective de l\u2019EAC, en application contre l\u2019activisme des groupes arm\u00e9s locaux et \u00e9trangers. Frontali\u00e8re avec cinq \u00e9tats membres de l\u2019organisation, la RDC repr\u00e9sente environ 6 % des exportations totales des pays de l\u2019Est.<\/p>\n<p><strong>AK<\/strong><\/p>\n<p><strong>(Source\u00a0: africanews)<\/strong><\/p>\n<p>\u00a0<\/p>\n<p>\u00a0<\/p>\n<p>L\u2019article <a rel=\"nofollow\" href=\"https:\/\/www.sidwaya.info\/blog\/2022\/03\/29\/la-rdc-le-pays-va-integrer-la-communaute-dafrique-de-lest\/\">La RDC\u00a0: le pays va int\u00e9grer la Communaut\u00e9 d\u2019Afrique de l\u2019Est<\/a> est apparu en premier sur <a rel=\"nofollow\" href=\"https:\/\/www.sidwaya.info\/\">Quotidien Sidwaya<\/a>.<\/p>\n<\/div>\n<p>Auteur: BANGRE SIDWAYA<br \/>\n<a href=\"https:\/\/www.sidwaya.info\/blog\/2022\/03\/29\/la-rdc-le-pays-va-integrer-la-communaute-dafrique-de-lest\/?utm_source=rss&#038;utm_medium=rss&#038;utm_campaign=la-rdc-le-pays-va-integrer-la-communaute-dafrique-de-lest\">Cliquez ici pour lire l&rsquo;article depuis sa source.<\/a><\/p>\n","protected":false},"excerpt":{"rendered":"<p>La R\u00e9publique d\u00e9mocratique du Congo (RDC) \u00a0sera bient\u00f4t le 7e pays membre de la Communaut\u00e9 d\u2019Afrique de l\u2019Est\u00a0 apr\u00e8s le Burundi, le Rwanda, le Kenya,\u00a0 l\u2019Ouganda, le Sud-Soudan et la Tanzanie. Cette adh\u00e9sion \u00e9tait un v\u0153u du pr\u00e9sident congolais F\u00e9lix Tshis\u00e9k\u00e9di, qui voulait un rapprochement avec l\u2019Est. Au sein de la Communaut\u00e9 d\u2019Afrique de l\u2019Est, [&hellip;]<\/p>\n","protected":false},"author":1816,"featured_media":0,"comment_status":"closed","ping_status":"closed","sticky":false,"template":"","format":"standard","meta":{"fifu_image_url":"","fifu_image_alt":"","footnotes":""},"categories":[73,81],"tags":[],"class_list":["post-144261","post","type-post","status-publish","format-standard","hentry","category-actualite","category-burkina-faso"],"_links":{"self":[{"href":"https:\/\/linitiative.ca\/International\/wp-json\/wp\/v2\/posts\/144261","targetHints":{"allow":["GET"]}}],"collection":[{"href":"https:\/\/linitiative.ca\/International\/wp-json\/wp\/v2\/posts"}],"about":[{"href":"https:\/\/linitiative.ca\/International\/wp-json\/wp\/v2\/types\/post"}],"author":[{"embeddable":true,"href":"https:\/\/linitiative.ca\/International\/wp-json\/wp\/v2\/users\/1816"}],"replies":[{"embeddable":true,"href":"https:\/\/linitiative.ca\/International\/wp-json\/wp\/v2\/comments?post=144261"}],"version-history":[{"count":0,"href":"https:\/\/linitiative.ca\/International\/wp-json\/wp\/v2\/posts\/144261\/revisions"}],"wp:attachment":[{"href":"https:\/\/linitiative.ca\/International\/wp-json\/wp\/v2\/media?parent=144261"}],"wp:term":[{"taxonomy":"category","embeddable":true,"href":"https:\/\/linitiative.ca\/International\/wp-json\/wp\/v2\/categories?post=144261"},{"taxonomy":"post_tag","embeddable":true,"href":"https:\/\/linitiative.ca\/International\/wp-json\/wp\/v2\/tags?post=144261"}],"curies":[{"name":"wp","href":"https:\/\/api.w.org\/{rel}","templated":true}]}}