{"id":144262,"date":"2022-03-29T11:01:54","date_gmt":"2022-03-29T15:01:54","guid":{"rendered":"https:\/\/linitiative.ca\/International\/objets-dart-africains-vente-dun-masque-rare-du-gabon-a-plus-2-milliards-f-cfa\/"},"modified":"2022-03-29T11:01:54","modified_gmt":"2022-03-29T15:01:54","slug":"objets-dart-africains-vente-dun-masque-rare-du-gabon-a-plus-2-milliards-f-cfa","status":"publish","type":"post","link":"https:\/\/linitiative.ca\/International\/objets-dart-africains-vente-dun-masque-rare-du-gabon-a-plus-2-milliards-f-cfa\/","title":{"rendered":"Objets d\u2019art africains : Vente d\u2019un masque rare du Gabon \u00e0 plus 2 milliards F CFA"},"content":{"rendered":"<div>\n<p>A Montpellier, une ville du sud de la France, une vente aux ench\u00e8res d\u2019un masque originaire du Gabon a \u00e9t\u00e9 perturb\u00e9e par des activistes. Ceux-ci ont\u00a0 affirm\u00e9 que le masque en bois du XIXe si\u00e8cle-un objet tr\u00e8s rare- a \u00e9t\u00e9 vol\u00e9 et \u00a0ont exig\u00e9 sa restitution au Gabon. Le masque aurait \u00e9t\u00e9 port\u00e9 par un membre de la soci\u00e9t\u00e9 secr\u00e8te Ngil, un groupe qui parcourait les villages pour rendre la justice et chasser les sorciers.<\/p>\n<p>Selon certains experts, la forme distinctive des masques Ngil aurait eu une grande influence sur le travail de c\u00e9l\u00e8bres artistes europ\u00e9ens notamment Picasso et Modigliani. Malgr\u00e9 les protestations des activistes, le masque \u00a0a \u00e9t\u00e9 vendu pour pr\u00e8s de 5 millions de dollars (environ 2,5 milliards FCFA).<\/p>\n<p>AK<\/p>\n<p>L\u2019article <a rel=\"nofollow\" href=\"https:\/\/www.sidwaya.info\/blog\/2022\/03\/29\/objets-dart-africains-vente-dun-masque-rare-du-gabon-a-plus-2-milliards-f-cfa\/\">Objets d\u2019art africains : Vente d\u2019un masque rare du Gabon \u00e0 plus 2 milliards F CFA<\/a> est apparu en premier sur <a rel=\"nofollow\" href=\"https:\/\/www.sidwaya.info\/\">Quotidien Sidwaya<\/a>.<\/p>\n<\/div>\n<p>Auteur: BANGRE SIDWAYA<br \/>\n<a href=\"https:\/\/www.sidwaya.info\/blog\/2022\/03\/29\/objets-dart-africains-vente-dun-masque-rare-du-gabon-a-plus-2-milliards-f-cfa\/?utm_source=rss&#038;utm_medium=rss&#038;utm_campaign=objets-dart-africains-vente-dun-masque-rare-du-gabon-a-plus-2-milliards-f-cfa\">Cliquez ici pour lire l&rsquo;article depuis sa source.<\/a><\/p>\n","protected":false},"excerpt":{"rendered":"<p>A Montpellier, une ville du sud de la France, une vente aux ench\u00e8res d\u2019un masque originaire du Gabon a \u00e9t\u00e9 perturb\u00e9e par des activistes. Ceux-ci ont\u00a0 affirm\u00e9 que le masque en bois du XIXe si\u00e8cle-un objet tr\u00e8s rare- a \u00e9t\u00e9 vol\u00e9 et \u00a0ont exig\u00e9 sa restitution au Gabon. Le masque aurait \u00e9t\u00e9 port\u00e9 par un [&hellip;]<\/p>\n","protected":false},"author":1816,"featured_media":0,"comment_status":"closed","ping_status":"closed","sticky":false,"template":"","format":"standard","meta":{"fifu_image_url":"","fifu_image_alt":"","footnotes":""},"categories":[73,81],"tags":[],"class_list":["post-144262","post","type-post","status-publish","format-standard","hentry","category-actualite","category-burkina-faso"],"_links":{"self":[{"href":"https:\/\/linitiative.ca\/International\/wp-json\/wp\/v2\/posts\/144262","targetHints":{"allow":["GET"]}}],"collection":[{"href":"https:\/\/linitiative.ca\/International\/wp-json\/wp\/v2\/posts"}],"about":[{"href":"https:\/\/linitiative.ca\/International\/wp-json\/wp\/v2\/types\/post"}],"author":[{"embeddable":true,"href":"https:\/\/linitiative.ca\/International\/wp-json\/wp\/v2\/users\/1816"}],"replies":[{"embeddable":true,"href":"https:\/\/linitiative.ca\/International\/wp-json\/wp\/v2\/comments?post=144262"}],"version-history":[{"count":0,"href":"https:\/\/linitiative.ca\/International\/wp-json\/wp\/v2\/posts\/144262\/revisions"}],"wp:attachment":[{"href":"https:\/\/linitiative.ca\/International\/wp-json\/wp\/v2\/media?parent=144262"}],"wp:term":[{"taxonomy":"category","embeddable":true,"href":"https:\/\/linitiative.ca\/International\/wp-json\/wp\/v2\/categories?post=144262"},{"taxonomy":"post_tag","embeddable":true,"href":"https:\/\/linitiative.ca\/International\/wp-json\/wp\/v2\/tags?post=144262"}],"curies":[{"name":"wp","href":"https:\/\/api.w.org\/{rel}","templated":true}]}}