{"id":144263,"date":"2022-03-29T17:24:45","date_gmt":"2022-03-29T21:24:45","guid":{"rendered":"https:\/\/linitiative.ca\/International\/transparence-climatique-nationale-un-site-internet-lance\/"},"modified":"2022-03-29T17:24:45","modified_gmt":"2022-03-29T21:24:45","slug":"transparence-climatique-nationale-un-site-internet-lance","status":"publish","type":"post","link":"https:\/\/linitiative.ca\/International\/transparence-climatique-nationale-un-site-internet-lance\/","title":{"rendered":"Transparence climatique nationale : un site internet lanc\u00e9"},"content":{"rendered":"<div>\n<p><strong> La ministre de l\u2019Environnement, de l\u2019Energie, de l\u2019Eau et de l\u2019Assainissement, Dr Maminata Traor\u00e9, a lanc\u00e9, le mardi 29 mars 2022, \u00e0 Ouagadougou, la plateforme num\u00e9rique du syst\u00e8me de mesure, de rapportage et de v\u00e9rification au Burkina Faso. <\/strong><\/p>\n<p>Le Burkina Faso dispose d\u00e9sormais d\u2019une plateforme num\u00e9rique du syst\u00e8me de Mesure, de rapportage et de v\u00e9rification (MRV). Le lancement de cette plateforme num\u00e9rique, accessible sur www.mrv-burkina.bf, a eu lieu, le mardi 29 mars 2022, \u00e0 Ouagadougou. Selon la ministre de l\u2019Environnement, de l\u2019Energie, de l\u2019Eau et de l\u2019Assainissement, Maminata Traor\u00e9, cette plateforme a \u00e9t\u00e9 con\u00e7ue par le gouvernement \u00e0 travers le Secr\u00e9tariat permanent du Conseil national pour le d\u00e9veloppement durable (SP\/CNDD) dans le but d\u2019am\u00e9liorer la transparence climatique nationale. Il s\u2019agit, a-t-elle expliqu\u00e9, d\u2019un outil qui permet de stocker et de partager des informations relatives aux \u00e9missions des gaz \u00e0 effet de serre dans les secteurs de l\u2019\u00e9nergie, des proc\u00e9d\u00e9s industriels, la foresterie et autres utilisations des d\u00e9chets.<\/p>\n<figure id=\"attachment_47324\" aria-describedby=\"caption-attachment-47324\" style=\"width: 300px\" class=\"wp-caption alignleft\"><img decoding=\"async\" loading=\"lazy\" class=\"wp-image-47324 size-medium\" src=\"https:\/\/linitiative.ca\/International\/wp-content\/uploads\/sites\/23\/2022\/03\/2-31-300x225-1.jpg\" alt=\"\" width=\"300\" height=\"225\" srcset=\"https:\/\/linitiative.ca\/International\/wp-content\/uploads\/sites\/23\/2022\/03\/2-31-300x225-1.jpg 300w, https:\/\/www.sidwaya.info\/wp-content\/uploads\/2022\/03\/2-31-150x112.jpg 150w, https:\/\/www.sidwaya.info\/wp-content\/uploads\/2022\/03\/2-31-560x420.jpg 560w, https:\/\/www.sidwaya.info\/wp-content\/uploads\/2022\/03\/2-31-80x60.jpg 80w, https:\/\/www.sidwaya.info\/wp-content\/uploads\/2022\/03\/2-31-265x198.jpg 265w, https:\/\/www.sidwaya.info\/wp-content\/uploads\/2022\/03\/2-31.jpg 595w\" sizes=\"auto, (max-width: 300px) 100vw, 300px\"><figcaption id=\"caption-attachment-47324\" class=\"wp-caption-text\">La ministre en charge de l\u2019environnement, Maminata Traor\u00e9: \u00ab Cet outil va permettre de donner et chiffrer l\u2019\u00e9tat des gaz \u00e0 effet de serre dans notre pays\u00a0\u00bb.<\/figcaption><\/figure>\n<p>\u00ab\u00a0Il donnera \u00e9galement des informations sur les actions d\u2019att\u00e9nuation et d\u2019adaptation entreprises au Burkina Faso ainsi que les soutiens re\u00e7us en termes de financements, de renforcement de capacit\u00e9s et de transfert de technologie\u00a0\u00bb, a-t-elle indiqu\u00e9. Elle a rassur\u00e9 que les donn\u00e9es sur la plateforme seront r\u00e9guli\u00e8rement mises \u00e0 jour et actualis\u00e9es par un comit\u00e9 de suivi et une \u00e9quipe de gestion des inventaires de gaz \u00e0 effet de serre sp\u00e9cialement mis en place. Le d\u00e9veloppement de cette plateforme a b\u00e9n\u00e9fici\u00e9 du soutien de Global green growth institute (GGGI) ou Institut mondial pour la croissance verte et de l\u2019appui financier de la Coop\u00e9ration su\u00e9doise \u00e0 travers le projet d\u2019\u00e9laboration d\u2019un syst\u00e8me de mesure, de rapportage et de v\u00e9rification au Burkina Faso.<\/p>\n<p>Pour le directeur g\u00e9n\u00e9ral de GGGI, Dr Franck Rijsberman, cette plateforme num\u00e9rique MRV constitue un outil de partage et d\u2019archivage des donn\u00e9es sur les inventaires des \u00e9missions de gaz \u00e0 effet de serre. Tout en f\u00e9licitant les acteurs qui ont \u00e9labor\u00e9 cet outil, Dr Rijsberman a confi\u00e9 que sa structure accompagne le gouvernement dans sa transition vers une croissance verte, notamment \u00e0 travers la mise en \u0153uvre de plusieurs projets. Pour la repr\u00e9sentante de l\u2019ambassadeur de la Su\u00e8de au Burkina, Delphine Ou\u00e9draogo, le lancement de cette plateforme num\u00e9rique symbolise une \u00e9tape majeure dans la prise de mesures permettant d\u2019aider le pays des Hommes int\u00e8gres \u00e0 r\u00e9pondre aux exigences conform\u00e9ment \u00e0 l\u2019Accord de Paris 2015. Ce syst\u00e8me aidera \u00e9galement, a-t-elle soutenu, le pays \u00e0 assurer le suivi des engagements de l\u2019Accord de Paris et dans les n\u00e9gociations futures en mati\u00e8re de r\u00e9duction des gaz \u00e0 effet de serre.<\/p>\n<p style=\"text-align: right\"><strong> Timoth\u00e9e SOME timothesom@yahoo.fr <\/strong><\/p>\n<p style=\"text-align: right\"><strong>Haoua Minougou (Stagiaire) <\/strong><\/p>\n<p>L\u2019article <a rel=\"nofollow\" href=\"https:\/\/www.sidwaya.info\/blog\/2022\/03\/29\/transparence-climatique-nationale-un-site-internet-lance\/\">Transparence climatique nationale : un site internet lanc\u00e9<\/a> est apparu en premier sur <a rel=\"nofollow\" href=\"https:\/\/www.sidwaya.info\/\">Quotidien Sidwaya<\/a>.<\/p>\n<\/div>\n<p>Auteur: JK. Sidwaya<br \/>\n<a href=\"https:\/\/www.sidwaya.info\/blog\/2022\/03\/29\/transparence-climatique-nationale-un-site-internet-lance\/?utm_source=rss&#038;utm_medium=rss&#038;utm_campaign=transparence-climatique-nationale-un-site-internet-lance\">Cliquez ici pour lire l&rsquo;article depuis sa source.<\/a><\/p>\n","protected":false},"excerpt":{"rendered":"<p>La ministre de l\u2019Environnement, de l\u2019Energie, de l\u2019Eau et de l\u2019Assainissement, Dr Maminata Traor\u00e9, a lanc\u00e9, le mardi 29 mars 2022, \u00e0 Ouagadougou, la plateforme num\u00e9rique du syst\u00e8me de mesure, de rapportage et de v\u00e9rification au Burkina Faso. Le Burkina Faso dispose d\u00e9sormais d\u2019une plateforme num\u00e9rique du syst\u00e8me de Mesure, de rapportage et de v\u00e9rification [&hellip;]<\/p>\n","protected":false},"author":1816,"featured_media":0,"comment_status":"closed","ping_status":"closed","sticky":false,"template":"","format":"standard","meta":{"fifu_image_url":"https:\/\/www.sidwaya.info\/wp-content\/uploads\/2022\/03\/2-31-300x225.jpg","fifu_image_alt":"Transparence climatique nationale : un site internet lanc\u00e9","footnotes":""},"categories":[73,81],"tags":[],"class_list":["post-144263","post","type-post","status-publish","format-standard","hentry","category-actualite","category-burkina-faso"],"_links":{"self":[{"href":"https:\/\/linitiative.ca\/International\/wp-json\/wp\/v2\/posts\/144263","targetHints":{"allow":["GET"]}}],"collection":[{"href":"https:\/\/linitiative.ca\/International\/wp-json\/wp\/v2\/posts"}],"about":[{"href":"https:\/\/linitiative.ca\/International\/wp-json\/wp\/v2\/types\/post"}],"author":[{"embeddable":true,"href":"https:\/\/linitiative.ca\/International\/wp-json\/wp\/v2\/users\/1816"}],"replies":[{"embeddable":true,"href":"https:\/\/linitiative.ca\/International\/wp-json\/wp\/v2\/comments?post=144263"}],"version-history":[{"count":0,"href":"https:\/\/linitiative.ca\/International\/wp-json\/wp\/v2\/posts\/144263\/revisions"}],"wp:attachment":[{"href":"https:\/\/linitiative.ca\/International\/wp-json\/wp\/v2\/media?parent=144263"}],"wp:term":[{"taxonomy":"category","embeddable":true,"href":"https:\/\/linitiative.ca\/International\/wp-json\/wp\/v2\/categories?post=144263"},{"taxonomy":"post_tag","embeddable":true,"href":"https:\/\/linitiative.ca\/International\/wp-json\/wp\/v2\/tags?post=144263"}],"curies":[{"name":"wp","href":"https:\/\/api.w.org\/{rel}","templated":true}]}}