{"id":144265,"date":"2022-03-29T17:31:34","date_gmt":"2022-03-29T21:31:34","guid":{"rendered":"https:\/\/linitiative.ca\/International\/situation-securitaire-le-g5-sahel-solidaire-du-burkina\/"},"modified":"2022-03-29T17:31:34","modified_gmt":"2022-03-29T21:31:34","slug":"situation-securitaire-le-g5-sahel-solidaire-du-burkina","status":"publish","type":"post","link":"https:\/\/linitiative.ca\/International\/situation-securitaire-le-g5-sahel-solidaire-du-burkina\/","title":{"rendered":"Situation s\u00e9curitaire : le G5 Sahel solidaire du Burkina"},"content":{"rendered":"<div>\n<p><strong>Une d\u00e9l\u00e9gation du G5 Sahel, conduite par son Secr\u00e9taire ex\u00e9cutif, Eric Tiar\u00e9, a \u00e9t\u00e9 re\u00e7ue en audience, le mardi 29 mars 2022 \u00e0 Ouagadougou, par le pr\u00e9sident du Faso, Paul-Henri Sandaogo Damiba.<\/strong><\/p>\n<p>Le pr\u00e9sident du Faso, le lieutenant-colonel Paul-Henri Sandaogo Damiba, s\u2019est entretenu, le mardi 29 mars 2022, avec une d\u00e9l\u00e9gation du G5 Sahel, conduite par son Secr\u00e9taire ex\u00e9cutif, Eric Tiar\u00e9.Cette d\u00e9l\u00e9gation a \u00e9t\u00e9 envoy\u00e9e par le pr\u00e9sident en exercice du G5 Sahel pour exprimer au pr\u00e9sident du Faso les encouragements et la solidarit\u00e9 de l\u2019organisation \u00ab surtout dans le contexte difficile que traverse le pays \u00bb.<\/p>\n<figure id=\"attachment_47328\" aria-describedby=\"caption-attachment-47328\" style=\"width: 300px\" class=\"wp-caption alignleft\"><img loading=\"lazy\" decoding=\"async\" class=\"wp-image-47328 size-medium\" src=\"https:\/\/linitiative.ca\/International\/wp-content\/uploads\/sites\/23\/2022\/03\/2-32-300x200-1.jpg\" alt=\"\" width=\"300\" height=\"200\" srcset=\"https:\/\/linitiative.ca\/International\/wp-content\/uploads\/sites\/23\/2022\/03\/2-32-300x200-1.jpg 300w, https:\/\/www.sidwaya.info\/wp-content\/uploads\/2022\/03\/2-32-150x100.jpg 150w, https:\/\/www.sidwaya.info\/wp-content\/uploads\/2022\/03\/2-32.jpg 595w\" sizes=\"auto, (max-width: 300px) 100vw, 300px\"><figcaption id=\"caption-attachment-47328\" class=\"wp-caption-text\">L\u2019ambassadeur Eric Tiar\u00e9\u00a0a t\u00e9moign\u00e9 la compassion du G5 Sahel \u00e0 l\u2019endroit du Burkina Faso, confront\u00e9 \u00e0 des violences terroristes.<\/figcaption><\/figure>\n<p>Le Secr\u00e9taire ex\u00e9cutif a aussi t\u00e9moign\u00e9 la compassion du G5 Sahel \u00e0 l\u2019endroit du Burkina Faso, confront\u00e9 \u00e0 des violences terroristes. Au cours de l\u2019entretien, il a \u00e9galement \u00e9t\u00e9 question de la dynamisation de l\u2019organisation sous r\u00e9gionale. La d\u00e9l\u00e9gation a pr\u00e9sent\u00e9 au chef de l\u2019Etat \u00ab la situation r\u00e9elle du G5 Sahel qui, aujourd\u2019hui, conna\u00eet beaucoup de difficult\u00e9s, et sollicit\u00e9 ses orientations et ses avis sur la fa\u00e7on dont il faut travailler pour le bien de notre organisation \u00bb, a d\u00e9clar\u00e9 l\u2019ambassadeur Eric Tiar\u00e9. Avec le chef de l\u2019Etat, les \u00e9changes ont aussi port\u00e9 sur la question s\u00e9curitaire qui constitue une pr\u00e9occupation commune aux pays du G5 Sahel.<\/p>\n<p style=\"text-align: right\"><strong>Direction de la communication de la Pr\u00e9sidence du Faso <\/strong><\/p>\n<p>L\u2019article <a rel=\"nofollow\" href=\"https:\/\/www.sidwaya.info\/blog\/2022\/03\/29\/situation-securitaire-le-g5-sahel-solidaire-du-burkina\/\">Situation s\u00e9curitaire : le G5 Sahel solidaire du Burkina<\/a> est apparu en premier sur <a rel=\"nofollow\" href=\"https:\/\/www.sidwaya.info\/\">Quotidien Sidwaya<\/a>.<\/p>\n<\/div>\n<p>Auteur: JK. Sidwaya<br \/>\n<a href=\"https:\/\/www.sidwaya.info\/blog\/2022\/03\/29\/situation-securitaire-le-g5-sahel-solidaire-du-burkina\/?utm_source=rss&#038;utm_medium=rss&#038;utm_campaign=situation-securitaire-le-g5-sahel-solidaire-du-burkina\">Cliquez ici pour lire l&rsquo;article depuis sa source.<\/a><\/p>\n","protected":false},"excerpt":{"rendered":"<p>Une d\u00e9l\u00e9gation du G5 Sahel, conduite par son Secr\u00e9taire ex\u00e9cutif, Eric Tiar\u00e9, a \u00e9t\u00e9 re\u00e7ue en audience, le mardi 29 mars 2022 \u00e0 Ouagadougou, par le pr\u00e9sident du Faso, Paul-Henri Sandaogo Damiba. Le pr\u00e9sident du Faso, le lieutenant-colonel Paul-Henri Sandaogo Damiba, s\u2019est entretenu, le mardi 29 mars 2022, avec une d\u00e9l\u00e9gation du G5 Sahel, conduite [&hellip;]<\/p>\n","protected":false},"author":1816,"featured_media":0,"comment_status":"closed","ping_status":"closed","sticky":false,"template":"","format":"standard","meta":{"fifu_image_url":"https:\/\/www.sidwaya.info\/wp-content\/uploads\/2022\/03\/2-32-300x200.jpg","fifu_image_alt":"Situation s\u00e9curitaire : le G5 Sahel solidaire du Burkina","footnotes":""},"categories":[73,81],"tags":[],"class_list":["post-144265","post","type-post","status-publish","format-standard","hentry","category-actualite","category-burkina-faso"],"_links":{"self":[{"href":"https:\/\/linitiative.ca\/International\/wp-json\/wp\/v2\/posts\/144265","targetHints":{"allow":["GET"]}}],"collection":[{"href":"https:\/\/linitiative.ca\/International\/wp-json\/wp\/v2\/posts"}],"about":[{"href":"https:\/\/linitiative.ca\/International\/wp-json\/wp\/v2\/types\/post"}],"author":[{"embeddable":true,"href":"https:\/\/linitiative.ca\/International\/wp-json\/wp\/v2\/users\/1816"}],"replies":[{"embeddable":true,"href":"https:\/\/linitiative.ca\/International\/wp-json\/wp\/v2\/comments?post=144265"}],"version-history":[{"count":0,"href":"https:\/\/linitiative.ca\/International\/wp-json\/wp\/v2\/posts\/144265\/revisions"}],"wp:attachment":[{"href":"https:\/\/linitiative.ca\/International\/wp-json\/wp\/v2\/media?parent=144265"}],"wp:term":[{"taxonomy":"category","embeddable":true,"href":"https:\/\/linitiative.ca\/International\/wp-json\/wp\/v2\/categories?post=144265"},{"taxonomy":"post_tag","embeddable":true,"href":"https:\/\/linitiative.ca\/International\/wp-json\/wp\/v2\/tags?post=144265"}],"curies":[{"name":"wp","href":"https:\/\/api.w.org\/{rel}","templated":true}]}}