{"id":144267,"date":"2022-03-29T11:27:23","date_gmt":"2022-03-29T15:27:23","guid":{"rendered":"https:\/\/linitiative.ca\/International\/le-cameroun-renforce-son-dispositif-de-lutte-contre-la-cybercriminalite\/"},"modified":"2022-03-29T11:27:23","modified_gmt":"2022-03-29T15:27:23","slug":"le-cameroun-renforce-son-dispositif-de-lutte-contre-la-cybercriminalite","status":"publish","type":"post","link":"https:\/\/linitiative.ca\/International\/le-cameroun-renforce-son-dispositif-de-lutte-contre-la-cybercriminalite\/","title":{"rendered":"Le Cameroun renforce son dispositif de lutte contre la cybercriminalit\u00e9"},"content":{"rendered":"<div>\n<p><img decoding=\"async\" width=\"474\" height=\"506\" src=\"https:\/\/linitiative.ca\/International\/wp-content\/uploads\/sites\/23\/2022\/03\/Minette-Libom-Li-Likeng.jpg\" class=\"attachment-post-thumbnail size-post-thumbnail wp-post-image\" alt=\"Le Cameroun veut adh\u00e9rer \u00e0 la convention de Budapest sur la cybercriminalit\u00e9\" loading=\"lazy\" srcset=\"https:\/\/linitiative.ca\/International\/wp-content\/uploads\/sites\/23\/2022\/03\/Minette-Libom-Li-Likeng.jpg 474w, https:\/\/www.journalducameroun.com\/wp-content\/uploads\/2022\/03\/Minette-Libom-Li-Likeng-281x300.jpg 281w, https:\/\/www.journalducameroun.com\/wp-content\/uploads\/2022\/03\/Minette-Libom-Li-Likeng-412x440.jpg 412w\" sizes=\"auto, (max-width: 474px) 100vw, 474px\"><\/p>\n<h2 style=\"text-align: justify;\">Un projet de loi y relatif est en examen \u00e0 l\u2019Assembl\u00e9e nationale et vient d\u2019\u00eatre d\u00e9fendu par le ministre en charge des Postes et T\u00e9l\u00e9communications.<\/h2>\n<p style=\"text-align: justify;\">\n<p style=\"text-align: justify;\">\n<p style=\"text-align: justify;\">\n<p style=\"text-align: justify;\">Le <strong>Cameroun<\/strong> est r\u00e9solu \u00e0 tordre le cou \u00e0 la <strong>cybercriminalit\u00e9<\/strong>. Le pays prend des dispositions additionnelles pour renforcer le dispositif de lutte existant, en particulier \u00e9toffer <strong>la loi du 12 d\u00e9cembre 2010<\/strong> et dresser un pont facilitant la coop\u00e9ration multilat\u00e9rale en la mati\u00e8re. C\u2019est ainsi que le ministre des Postes et <strong>T\u00e9l\u00e9communications<\/strong> \u00e9tait face \u00e0 la Commission des Affaires \u00e9trang\u00e8res de l\u2019Assembl\u00e9e nationale vendredi 25 mars 2022, informe Cameroon tribune.<\/p>\n<p style=\"text-align: justify;\">Elle a d\u00e9fendu le projet de loi autorisant le pr\u00e9sident de la R\u00e9publique \u00e0 proc\u00e9der \u00e0 l\u2019adh\u00e9sion du Cameroun \u00e0 la <strong>convention de Budapest<\/strong> sur la cybercriminalit\u00e9. Ouverte aux pays non europ\u00e9ens,\u00a0 cette convention a \u00e9t\u00e9 adopt\u00e9e par le Conseil de l\u2019Europe le 23 novembre 2001, et est entr\u00e9e en vigueur le 1<sup>er<\/sup> juillet 2004. 67 Etats dont 11 pays africains en sont d\u00e9j\u00e0 signataires.<\/p>\n<p style=\"text-align: justify;\">Selon le Minpostel Minette Libom Li Likeng, l\u2019adh\u00e9sion du Cameroun \u00e0 cette convention est opportune \u00e0 plus d\u2019un titre. Outre le renforcement du dispositif l\u00e9gal prot\u00e9geant le cyberespace, le Cameroun b\u00e9n\u00e9ficiera d\u2019un cadre r\u00e9pressif plus ferme. En cela, la convention aidera \u00e0 d\u00e9finir davantage les actes de cybercriminalit\u00e9 afin que les juges soient mieux outill\u00e9s pour sanctionner.<\/p>\n<p style=\"text-align: justify;\">Par cette adh\u00e9sion, le Cameroun verra\u00a0 aussi s\u2019am\u00e9liorer la coop\u00e9ration internationale en mati\u00e8re de <strong>transactions \u00e9lectroniques<\/strong>, de <strong>preuves \u00e9lectroniques<\/strong> et de protection de donn\u00e9es. Car, \u00ab\u00a0<em>on peut commettre un crime au Cameroun, l\u2019auteur est \u00e0 l\u2019\u00e9tranger et la preuve dans un autre continent<\/em>\u00a0\u00bb, explique le Minpostel qui pr\u00e9cise qu\u2019\u00e0 la faveur de l\u2019adh\u00e9sion \u00e0 la convention, le Cameroun va monter en puissance dans la lutte contre la cybercriminalit\u00e9.<\/p>\n<p>Cet article <a rel=\"nofollow\" href=\"https:\/\/www.journalducameroun.com\/le-cameroun-renforce-son-dispositif-de-lutte-contre-la-cybercriminalite\/\">Le Cameroun renforce son dispositif de lutte contre la cybercriminalit\u00e9<\/a> est apparu en premier sur <a rel=\"nofollow\" href=\"https:\/\/www.journalducameroun.com\/\">Journal du Cameroun<\/a>.<\/p>\n<\/div>\n<p>Auteur: Arnaud MAWEL<br \/>\n<a href=\"https:\/\/www.journalducameroun.com\/le-cameroun-renforce-son-dispositif-de-lutte-contre-la-cybercriminalite\/\">Cliquez ici pour lire l&rsquo;article depuis sa source.<\/a><\/p>\n","protected":false},"excerpt":{"rendered":"<p>Un projet de loi y relatif est en examen \u00e0 l\u2019Assembl\u00e9e nationale et vient d\u2019\u00eatre d\u00e9fendu par le ministre en charge des Postes et T\u00e9l\u00e9communications. Le Cameroun est r\u00e9solu \u00e0 tordre le cou \u00e0 la cybercriminalit\u00e9. Le pays prend des dispositions additionnelles pour renforcer le dispositif de lutte existant, en particulier \u00e9toffer la loi du [&hellip;]<\/p>\n","protected":false},"author":1965,"featured_media":0,"comment_status":"closed","ping_status":"closed","sticky":false,"template":"","format":"standard","meta":{"fifu_image_url":"https:\/\/www.journalducameroun.com\/wp-content\/uploads\/2022\/03\/Minette-Libom-Li-Likeng.jpg","fifu_image_alt":"Le Cameroun renforce son dispositif de lutte contre la cybercriminalit\u00e9","footnotes":""},"categories":[73,82],"tags":[],"class_list":["post-144267","post","type-post","status-publish","format-standard","hentry","category-actualite","category-cameroun"],"_links":{"self":[{"href":"https:\/\/linitiative.ca\/International\/wp-json\/wp\/v2\/posts\/144267","targetHints":{"allow":["GET"]}}],"collection":[{"href":"https:\/\/linitiative.ca\/International\/wp-json\/wp\/v2\/posts"}],"about":[{"href":"https:\/\/linitiative.ca\/International\/wp-json\/wp\/v2\/types\/post"}],"author":[{"embeddable":true,"href":"https:\/\/linitiative.ca\/International\/wp-json\/wp\/v2\/users\/1965"}],"replies":[{"embeddable":true,"href":"https:\/\/linitiative.ca\/International\/wp-json\/wp\/v2\/comments?post=144267"}],"version-history":[{"count":0,"href":"https:\/\/linitiative.ca\/International\/wp-json\/wp\/v2\/posts\/144267\/revisions"}],"wp:attachment":[{"href":"https:\/\/linitiative.ca\/International\/wp-json\/wp\/v2\/media?parent=144267"}],"wp:term":[{"taxonomy":"category","embeddable":true,"href":"https:\/\/linitiative.ca\/International\/wp-json\/wp\/v2\/categories?post=144267"},{"taxonomy":"post_tag","embeddable":true,"href":"https:\/\/linitiative.ca\/International\/wp-json\/wp\/v2\/tags?post=144267"}],"curies":[{"name":"wp","href":"https:\/\/api.w.org\/{rel}","templated":true}]}}