{"id":144269,"date":"2022-03-29T12:18:03","date_gmt":"2022-03-29T16:18:03","guid":{"rendered":"https:\/\/linitiative.ca\/International\/la-bad-veut-renforcer-sa-cooperation-avec-dubai\/"},"modified":"2022-03-29T12:18:03","modified_gmt":"2022-03-29T16:18:03","slug":"la-bad-veut-renforcer-sa-cooperation-avec-dubai","status":"publish","type":"post","link":"https:\/\/linitiative.ca\/International\/la-bad-veut-renforcer-sa-cooperation-avec-dubai\/","title":{"rendered":"La Bad veut renforcer sa coop\u00e9ration avec Duba\u00ef"},"content":{"rendered":"<div>\n<p><img decoding=\"async\" width=\"275\" height=\"183\" src=\"https:\/\/linitiative.ca\/International\/wp-content\/uploads\/sites\/23\/2022\/03\/16485706839957.jpg\" class=\"attachment-post-thumbnail size-post-thumbnail wp-post-image\" alt=\"\" loading=\"lazy\"><\/p>\n<p>Le patron de l&rsquo;institution bancaire africaine a un agenda charg\u00e9 \u00e0 Duba\u00ef.Le pr\u00e9sident du Groupe de la Banque africaine de d\u00e9veloppement (Bad), Akinwumi A. Adesina, est arriv\u00e9 ce mardi \u00e0 Duba\u00ef, o\u00f9 il entame une visite officielle de trois jours. Au cours de son s\u00e9jour, il doit rencontrer d&rsquo;abord Sheikh Maktoum Bin Mohammed Al Maktoum, ministre des Finances des \u00c9mirats arabes unis puis. M. Adesina aura \u00e9galement des r\u00e9unions bilat\u00e9rales avec d&rsquo;autres hauts responsables gouvernementaux et des dirigeants d&rsquo;entreprises parapubliques. Il s&rsquo;entretiendra notamment avec la ministre d&rsquo;\u00c9tat \u00e0 la Coop\u00e9ration internationale, Reem Al Hashimy, qui est \u00e9galement directrice g\u00e9n\u00e9rale de l&rsquo;Expo 2020 de Duba\u00ef, et le ministre d&rsquo;\u00c9tat aux Affaires africaines, Sheikh Shakhbout bin Nahyan bin Mubarak Al Nahyan.<\/p>\n<p>La visite sera essentiellement ax\u00e9e sur le renforcement des liens et la mise en place d&rsquo;une collaboration plus \u00e9troite entre la Banque africaine de d\u00e9veloppement et les \u00c9mirats arabes unis.<\/p>\n<p>\u00ab Nous souhaitons vivement voir les \u00c9mirats arabes unis devenir un partenaire pr\u00e9cieux et un investisseur important en Afrique \u00bb, a d\u00e9clar\u00e9 M. Adesina, ajoutant : \u00ab Il y a beaucoup de choses que la Banque africaine de d\u00e9veloppement et les \u00c9mirats arabes unis peuvent faire ensemble. \u00bb<\/p>\n<p>Compte tenu de la forte impulsion donn\u00e9e par la Bad au financement des infrastructures sur le continent, M. Adesina rencontrera le PDG de Dubai Ports World, Sultan Bin Sulayem. Dubai Ports World est le plus grand op\u00e9rateur portuaire, intervenant dans 78 terminaux maritimes et int\u00e9rieurs dans plus de 60 pays. La Bad a particip\u00e9 activement au financement de projets d&rsquo;infrastructures portuaires en Afrique.<\/p>\n<p>Les \u00e9nergies renouvelables devraient constituer un domaine d&rsquo;int\u00e9r\u00eat potentiel pour des investissements conjoints. Les \u00c9mirats arabes unis ont r\u00e9alis\u00e9 des avanc\u00e9es significatives en mati\u00e8re de croissance verte et d&rsquo;\u00e9nergies renouvelables.<\/p>\n<p>La Banque est l&rsquo;un des principaux cofinanceurs de l&rsquo;initiative Desert to Power dans le Sahel africain, un projet qui permettra de raccorder 250 millions de personnes \u00e0 l&rsquo;\u00e9lectricit\u00e9 en exploitant les abondantes ressources solaires de la r\u00e9gion.<\/p>\n<p>Alors que l&rsquo;Expo 2020 de Duba\u00ef se termine cette semaine et attire des visiteurs du monde entier, M. Adesina fera le tour de l&rsquo;exposition et visitera les pavillons des \u00c9mirats arabes unis, de l&rsquo;Union africaine et du Nigeria.<\/p>\n<p>Cet article <a rel=\"nofollow\" href=\"https:\/\/www.journalducameroun.com\/la-bad-veut-renforcer-sa-cooperation-avec-dubai\/\">La Bad veut renforcer sa coop\u00e9ration avec Duba\u00ef<\/a> est apparu en premier sur <a rel=\"nofollow\" href=\"https:\/\/www.journalducameroun.com\/\">Journal du Cameroun<\/a>.<\/p>\n<\/div>\n<p>Auteur: APA News<br \/>\n<a href=\"https:\/\/www.journalducameroun.com\/la-bad-veut-renforcer-sa-cooperation-avec-dubai\/\">Cliquez ici pour lire l&rsquo;article depuis sa source.<\/a><\/p>\n","protected":false},"excerpt":{"rendered":"<p>Le patron de l&rsquo;institution bancaire africaine a un agenda charg\u00e9 \u00e0 Duba\u00ef.Le pr\u00e9sident du Groupe de la Banque africaine de d\u00e9veloppement (Bad), Akinwumi A. Adesina, est arriv\u00e9 ce mardi \u00e0 Duba\u00ef, o\u00f9 il entame une visite officielle de trois jours. Au cours de son s\u00e9jour, il doit rencontrer d&rsquo;abord Sheikh Maktoum Bin Mohammed Al Maktoum, [&hellip;]<\/p>\n","protected":false},"author":1965,"featured_media":0,"comment_status":"closed","ping_status":"closed","sticky":false,"template":"","format":"standard","meta":{"fifu_image_url":"https:\/\/www.journalducameroun.com\/wp-content\/uploads\/2022\/03\/16485706839957.jpg","fifu_image_alt":"La Bad veut renforcer sa coop\u00e9ration avec Duba\u00ef","footnotes":""},"categories":[73,82],"tags":[],"class_list":["post-144269","post","type-post","status-publish","format-standard","hentry","category-actualite","category-cameroun"],"_links":{"self":[{"href":"https:\/\/linitiative.ca\/International\/wp-json\/wp\/v2\/posts\/144269","targetHints":{"allow":["GET"]}}],"collection":[{"href":"https:\/\/linitiative.ca\/International\/wp-json\/wp\/v2\/posts"}],"about":[{"href":"https:\/\/linitiative.ca\/International\/wp-json\/wp\/v2\/types\/post"}],"author":[{"embeddable":true,"href":"https:\/\/linitiative.ca\/International\/wp-json\/wp\/v2\/users\/1965"}],"replies":[{"embeddable":true,"href":"https:\/\/linitiative.ca\/International\/wp-json\/wp\/v2\/comments?post=144269"}],"version-history":[{"count":0,"href":"https:\/\/linitiative.ca\/International\/wp-json\/wp\/v2\/posts\/144269\/revisions"}],"wp:attachment":[{"href":"https:\/\/linitiative.ca\/International\/wp-json\/wp\/v2\/media?parent=144269"}],"wp:term":[{"taxonomy":"category","embeddable":true,"href":"https:\/\/linitiative.ca\/International\/wp-json\/wp\/v2\/categories?post=144269"},{"taxonomy":"post_tag","embeddable":true,"href":"https:\/\/linitiative.ca\/International\/wp-json\/wp\/v2\/tags?post=144269"}],"curies":[{"name":"wp","href":"https:\/\/api.w.org\/{rel}","templated":true}]}}