{"id":144273,"date":"2022-03-29T12:53:32","date_gmt":"2022-03-29T16:53:32","guid":{"rendered":"https:\/\/linitiative.ca\/International\/valerie-ayena-nommee-membre-du-jury-du-grand-prix-francophile-des-medias-2022\/"},"modified":"2022-03-29T12:53:32","modified_gmt":"2022-03-29T16:53:32","slug":"valerie-ayena-nommee-membre-du-jury-du-grand-prix-francophile-des-medias-2022","status":"publish","type":"post","link":"https:\/\/linitiative.ca\/International\/valerie-ayena-nommee-membre-du-jury-du-grand-prix-francophile-des-medias-2022\/","title":{"rendered":"Val\u00e9rie Ayena nomm\u00e9e membre du jury du grand prix francophile des m\u00e9dias 2022"},"content":{"rendered":"<div>\n<p><img decoding=\"async\" width=\"688\" height=\"567\" src=\"https:\/\/linitiative.ca\/International\/wp-content\/uploads\/sites\/23\/2022\/03\/valerie-ayena.jpg\" class=\"attachment-post-thumbnail size-post-thumbnail wp-post-image\" alt=\"Grand prix francophile des m\u00e9dias\" loading=\"lazy\" srcset=\"https:\/\/linitiative.ca\/International\/wp-content\/uploads\/sites\/23\/2022\/03\/valerie-ayena.jpg 688w, https:\/\/www.journalducameroun.com\/wp-content\/uploads\/2022\/03\/valerie-ayena-300x247.jpg 300w, https:\/\/www.journalducameroun.com\/wp-content\/uploads\/2022\/03\/valerie-ayena-534x440.jpg 534w, https:\/\/www.journalducameroun.com\/wp-content\/uploads\/2022\/03\/valerie-ayena-600x494.jpg 600w\" sizes=\"auto, (max-width: 688px) 100vw, 688px\"><\/p>\n<h2 dir=\"auto\" style=\"text-align: justify;\"><b>La Miss Cameroun 2013 aux c\u00f4t\u00e9s d&rsquo;Armand Amoko, homme de m\u00e9dias, va participer au choix de journalistes et des m\u00e9dias excellant dans la valorisation des arts et de la culture.<\/b><\/h2>\n<div dir=\"auto\" style=\"text-align: justify;\"><\/div>\n<div dir=\"auto\" style=\"text-align: justify;\">Le <b>R\u00e9seau des Journalistes Culturels du Cameroun, R2JC<\/b>, organise cette ann\u00e9e la troisi\u00e8me \u00e9dition du <b>Grand prix francophile des m\u00e9dias, GPFM<\/b>. Il s&rsquo;agit d&rsquo;une comp\u00e9tition qui c\u00e9l\u00e8bre les journalistes et les m\u00e9dias \u0153uvrant dans la production de contenus \u00e0 caract\u00e8re culturel et des arts; ayant pour moyen d&rsquo;expression le fran\u00e7ais et ses d\u00e9clinaisons.<\/div>\n<div dir=\"auto\" style=\"text-align: justify;\"><\/div>\n<div dir=\"auto\" style=\"text-align: justify;\">Pour l&rsquo;acte 3 du <b>GPFM<\/b>, l&rsquo;association pr\u00e9sid\u00e9e par <b>Laurentine Assiga<\/b> a jet\u00e9 son d\u00e9volu sur deux figures embl\u00e9matiques du monde des m\u00e9dias. Il s&rsquo;agit <b>d&rsquo;Armand Amoko<\/b> et <b>Val\u00e9rie Ayena<\/b>.<\/div>\n<div dir=\"auto\">\n<figure id=\"attachment_406370\" aria-describedby=\"caption-attachment-406370\" style=\"width: 300px\" class=\"wp-caption alignnone\"><img loading=\"lazy\" decoding=\"async\" class=\"size-medium wp-image-406370\" src=\"https:\/\/linitiative.ca\/International\/wp-content\/uploads\/sites\/23\/2022\/03\/aj5IS5ZB_400x400-300x300-1.jpg\" alt=\"\" width=\"300\" height=\"300\"><figcaption id=\"caption-attachment-406370\" class=\"wp-caption-text\">Marcel Amoko<\/figcaption><\/figure>\n<\/div>\n<div dir=\"auto\" style=\"text-align: justify;\"><\/div>\n<div dir=\"auto\" style=\"text-align: justify;\">Le premier va officier comme pr\u00e9sident du jury pour ce qui est de la s\u00e9lection des journalistes. Et la top model, Val\u00e9rie Ayena va s&rsquo;occuper de la s\u00e9lection des m\u00e9dias.<\/div>\n<div dir=\"auto\" style=\"text-align: justify;\"><\/div>\n<div dir=\"auto\" style=\"text-align: justify;\">Un milieu avec lequel elle a flirt\u00e9 il n&rsquo;y a pas longtemps. Et c&rsquo;\u00e9tait du c\u00f4t\u00e9 de la radio Sweet FM \u00e0 Douala. Avec l&rsquo;animateur Brice Albin, ils pr\u00e9sentaient l&rsquo;\u00e9mission matinale, BHB (Beignet Haricot Beignet).<\/div>\n<div dir=\"auto\" style=\"text-align: justify;\"><\/div>\n<div dir=\"auto\" style=\"text-align: justify;\">Dipl\u00f4m\u00e9e en Communication, <b>Val\u00e9rie Ayena <\/b>apr\u00e8s cette aventure \u00e0 Sweet FM, a sign\u00e9 un contrat de branding avec la cha\u00eene Youtube, Naja TV puis, elle va lancer son entreprise sp\u00e9cialis\u00e9e en \u00e9v\u00e9nementiel, Dove Holding. Une structure qui \u00e9tend ses ailes pas seulement au Cameroun, mais \u00e9galement au Tchad et en C\u00f4te d&rsquo;Ivoire.<\/div>\n<div dir=\"auto\" style=\"text-align: justify;\"><\/div>\n<div dir=\"auto\" style=\"text-align: justify;\">Celle qui arbore aussi la casquette d&rsquo;actrice de cin\u00e9ma, va avec Marcel Amoko, promoteur de Kalack FM, d\u00e9signer les meilleurs articles culturels lors du <b>GPFM 2022<\/b>. Un \u00e9v\u00e8nement qui cette ann\u00e9e, rend hommage \u00e0 feu Ibrahim Mbombo Njoya, ex Sultan du peuple Bamoun ayant pour th\u00e8me r\u00e9daction patrimoniale.<\/div>\n<p>Cet article <a rel=\"nofollow\" href=\"https:\/\/www.journalducameroun.com\/valerie-ayena-nommee-membre-du-jury-du-grand-prix-francophile-des-medias-2022\/\">Val\u00e9rie Ayena nomm\u00e9e membre du jury du grand prix francophile des m\u00e9dias 2022<\/a> est apparu en premier sur <a rel=\"nofollow\" href=\"https:\/\/www.journalducameroun.com\/\">Journal du Cameroun<\/a>.<\/p>\n<\/div>\n<p>Auteur: Paul Wandji<br \/>\n<a href=\"https:\/\/www.journalducameroun.com\/valerie-ayena-nommee-membre-du-jury-du-grand-prix-francophile-des-medias-2022\/\">Cliquez ici pour lire l&rsquo;article depuis sa source.<\/a><\/p>\n","protected":false},"excerpt":{"rendered":"<p>La Miss Cameroun 2013 aux c\u00f4t\u00e9s d&rsquo;Armand Amoko, homme de m\u00e9dias, va participer au choix de journalistes et des m\u00e9dias excellant dans la valorisation des arts et de la culture. Le R\u00e9seau des Journalistes Culturels du Cameroun, R2JC, organise cette ann\u00e9e la troisi\u00e8me \u00e9dition du Grand prix francophile des m\u00e9dias, GPFM. Il s&rsquo;agit d&rsquo;une comp\u00e9tition [&hellip;]<\/p>\n","protected":false},"author":1965,"featured_media":0,"comment_status":"closed","ping_status":"closed","sticky":false,"template":"","format":"standard","meta":{"fifu_image_url":"https:\/\/www.journalducameroun.com\/wp-content\/uploads\/2022\/03\/valerie-ayena.jpg","fifu_image_alt":"Val\u00e9rie Ayena nomm\u00e9e membre du jury du grand prix francophile des m\u00e9dias 2022","footnotes":""},"categories":[73,82],"tags":[],"class_list":["post-144273","post","type-post","status-publish","format-standard","hentry","category-actualite","category-cameroun"],"_links":{"self":[{"href":"https:\/\/linitiative.ca\/International\/wp-json\/wp\/v2\/posts\/144273","targetHints":{"allow":["GET"]}}],"collection":[{"href":"https:\/\/linitiative.ca\/International\/wp-json\/wp\/v2\/posts"}],"about":[{"href":"https:\/\/linitiative.ca\/International\/wp-json\/wp\/v2\/types\/post"}],"author":[{"embeddable":true,"href":"https:\/\/linitiative.ca\/International\/wp-json\/wp\/v2\/users\/1965"}],"replies":[{"embeddable":true,"href":"https:\/\/linitiative.ca\/International\/wp-json\/wp\/v2\/comments?post=144273"}],"version-history":[{"count":0,"href":"https:\/\/linitiative.ca\/International\/wp-json\/wp\/v2\/posts\/144273\/revisions"}],"wp:attachment":[{"href":"https:\/\/linitiative.ca\/International\/wp-json\/wp\/v2\/media?parent=144273"}],"wp:term":[{"taxonomy":"category","embeddable":true,"href":"https:\/\/linitiative.ca\/International\/wp-json\/wp\/v2\/categories?post=144273"},{"taxonomy":"post_tag","embeddable":true,"href":"https:\/\/linitiative.ca\/International\/wp-json\/wp\/v2\/tags?post=144273"}],"curies":[{"name":"wp","href":"https:\/\/api.w.org\/{rel}","templated":true}]}}