{"id":144276,"date":"2022-03-29T13:03:29","date_gmt":"2022-03-29T17:03:29","guid":{"rendered":"https:\/\/linitiative.ca\/International\/miss-nations-unies-sensibilise-sur-les-sex-tapes\/"},"modified":"2022-03-29T13:03:29","modified_gmt":"2022-03-29T17:03:29","slug":"miss-nations-unies-sensibilise-sur-les-sex-tapes","status":"publish","type":"post","link":"https:\/\/linitiative.ca\/International\/miss-nations-unies-sensibilise-sur-les-sex-tapes\/","title":{"rendered":"Miss Nations Unies sensibilise sur les sex-tapes"},"content":{"rendered":"<div>\n<p><img decoding=\"async\" width=\"720\" height=\"897\" src=\"https:\/\/linitiative.ca\/International\/wp-content\/uploads\/sites\/23\/2022\/03\/1648478990814.jpg\" class=\"attachment-post-thumbnail size-post-thumbnail wp-post-image\" alt=\"ACNU\" loading=\"lazy\" srcset=\"https:\/\/linitiative.ca\/International\/wp-content\/uploads\/sites\/23\/2022\/03\/1648478990814.jpg 720w, https:\/\/www.journalducameroun.com\/wp-content\/uploads\/2022\/03\/1648478990814-241x300.jpg 241w, https:\/\/www.journalducameroun.com\/wp-content\/uploads\/2022\/03\/1648478990814-353x440.jpg 353w, https:\/\/www.journalducameroun.com\/wp-content\/uploads\/2022\/03\/1648478990814-600x748.jpg 600w\" sizes=\"auto, (max-width: 720px) 100vw, 720px\"><\/p>\n<h2 dir=\"auto\" style=\"text-align: justify;\"><b>Le top model \u00e9tait ce weekend au complexe scolaire Saint Andr\u00e9 o\u00f9 elle a \u00e9chang\u00e9 avec les \u00e9l\u00e8ves sur l&rsquo;impact n\u00e9gatif qu&rsquo;une telle pratique peut avoir tant sur leurs \u00e9tudes actuelles que sur leur avenir.<\/b><\/h2>\n<div dir=\"auto\" style=\"text-align: justify;\"><b>\u00a0<\/b><\/div>\n<div dir=\"auto\" style=\"text-align: justify;\"><b>Wendy Ebella, Miss Nations Unies pour le Cameroun\u00a0<\/b>est\u00a0claire et insiste,\u00a0<i>\u00ab\u00a0ces pratiques ne sont pas de nos traditions et ne doivent pas \u00eatre instaur\u00e9es comme comportements dans notre soci\u00e9t\u00e9\u00a0\u00bb<\/i>. Elle a martel\u00e9 cette d\u00e9claration durant une s\u00e9ance d&rsquo;\u00e9changes \u00e9ducatifs avec les \u00e9l\u00e8ves de secondaire du\u00a0<b>complexe Saint Andr\u00e9.<\/b><\/div>\n<div dir=\"auto\" style=\"text-align: justify;\"><\/div>\n<div dir=\"auto\" style=\"text-align: justify;\">La rencontre qui a eu lieu au sein de l&rsquo;\u00e9tablissement samedi dernier 26 mars 2022, a donn\u00e9 l&rsquo;occasion \u00e0 la miss d&rsquo;attirer l&rsquo;attention des jeunes filles sur les\u00a0<b>sex-tapes<\/b>. Une discussion \u00e9ducative plac\u00e9e sous le th\u00e8me, &lsquo;sensibilisation contre violences en milieu scolaire ; cas des sex-tapes&rsquo;. Pour\u00a0<b>Wendy Ebella<\/b>, se livrer \u00e0 de telles l\u00e9g\u00e8ret\u00e9s\u00a0 est un moyen s\u00fbr de voir sa vie, son avenir, ses r\u00eaves, l&rsquo;estime que l&rsquo;on a pour soi et la consid\u00e9ration que la soci\u00e9t\u00e9 a de nous, voler en \u00e9clats.<\/div>\n<div dir=\"auto\" style=\"text-align: justify;\"><\/div>\n<div dir=\"auto\" style=\"text-align: justify;\">L&rsquo;\u00e9v\u00e9nement a \u00e9galement connu la participation de\u00a0<b>l&rsquo;Assocation Camerounaise pour les Nations unies, ACNU<\/b>. Il a \u00e9t\u00e9 question de discuter des probl\u00e8mes auxquels font face les jeunes filles \u00e0 l&rsquo;\u00e9cole. Si d&rsquo;aucuns ont soulev\u00e9 la question des opportunit\u00e9s pas \u00e9gales parlant du cas des \u00e9l\u00e8ves dans des zones en crise, d&rsquo;autres sont revenus sur le probl\u00e8me des jeunes filles qui ne sont pas envoy\u00e9es \u00e0 l&rsquo;\u00e9cole et subissent des violences par leurs compagnons.<\/div>\n<div dir=\"auto\" style=\"text-align: justify;\"><\/div>\n<div dir=\"auto\" style=\"text-align: justify;\">En \u00e9grenant le chapelet des articulations de la rencontre, les orateurs du jour ont pr\u00e9sent\u00e9 le point quatre des\u00a0<b>objectifs de d\u00e9veloppement durable des Nations unies. Il s&rsquo;agit d&rsquo;une \u00e9ducation de qualit\u00e9.\u00a0<\/b>Les \u00e9l\u00e8ves ont pu \u00eatre \u00e9difi\u00e9s sur l&rsquo;agenda 2030 \u00e9tablit par\u00a0<b>l&rsquo;ONU<\/b>\u00a0\u00e0 cet effet.<\/div>\n<div dir=\"auto\" style=\"text-align: justify;\"><\/div>\n<div dir=\"auto\" style=\"text-align: justify;\">Mais aussi, la\u00a0<b>Miss Nations Unies<\/b>, a profit\u00e9 de ce moment pour \u00e9clairer les lanternes des \u00e9l\u00e8ves sur les violences scolaires qui ne doivent jamais cesser d&rsquo;\u00eatre condamn\u00e9es et combattues. Occasion pour les sensibiliser sur les m\u00e9faits de la consommation des stup\u00e9fiants.<\/div>\n<p>Cet article <a rel=\"nofollow\" href=\"https:\/\/www.journalducameroun.com\/miss-nations-unies-sensibilise-sur-les-sex-tapes\/\">Miss Nations Unies sensibilise sur les sex-tapes<\/a> est apparu en premier sur <a rel=\"nofollow\" href=\"https:\/\/www.journalducameroun.com\/\">Journal du Cameroun<\/a>.<\/p>\n<\/div>\n<p>Auteur: Paul Wandji<br \/>\n<a href=\"https:\/\/www.journalducameroun.com\/miss-nations-unies-sensibilise-sur-les-sex-tapes\/\">Cliquez ici pour lire l&rsquo;article depuis sa source.<\/a><\/p>\n","protected":false},"excerpt":{"rendered":"<p>Le top model \u00e9tait ce weekend au complexe scolaire Saint Andr\u00e9 o\u00f9 elle a \u00e9chang\u00e9 avec les \u00e9l\u00e8ves sur l&rsquo;impact n\u00e9gatif qu&rsquo;une telle pratique peut avoir tant sur leurs \u00e9tudes actuelles que sur leur avenir. \u00a0 Wendy Ebella, Miss Nations Unies pour le Cameroun\u00a0est\u00a0claire et insiste,\u00a0\u00ab\u00a0ces pratiques ne sont pas de nos traditions et ne [&hellip;]<\/p>\n","protected":false},"author":1965,"featured_media":0,"comment_status":"closed","ping_status":"closed","sticky":false,"template":"","format":"standard","meta":{"fifu_image_url":"https:\/\/www.journalducameroun.com\/wp-content\/uploads\/2022\/03\/1648478990814.jpg","fifu_image_alt":"Miss Nations Unies sensibilise sur les sex-tapes","footnotes":""},"categories":[73,82],"tags":[],"class_list":["post-144276","post","type-post","status-publish","format-standard","hentry","category-actualite","category-cameroun"],"_links":{"self":[{"href":"https:\/\/linitiative.ca\/International\/wp-json\/wp\/v2\/posts\/144276","targetHints":{"allow":["GET"]}}],"collection":[{"href":"https:\/\/linitiative.ca\/International\/wp-json\/wp\/v2\/posts"}],"about":[{"href":"https:\/\/linitiative.ca\/International\/wp-json\/wp\/v2\/types\/post"}],"author":[{"embeddable":true,"href":"https:\/\/linitiative.ca\/International\/wp-json\/wp\/v2\/users\/1965"}],"replies":[{"embeddable":true,"href":"https:\/\/linitiative.ca\/International\/wp-json\/wp\/v2\/comments?post=144276"}],"version-history":[{"count":0,"href":"https:\/\/linitiative.ca\/International\/wp-json\/wp\/v2\/posts\/144276\/revisions"}],"wp:attachment":[{"href":"https:\/\/linitiative.ca\/International\/wp-json\/wp\/v2\/media?parent=144276"}],"wp:term":[{"taxonomy":"category","embeddable":true,"href":"https:\/\/linitiative.ca\/International\/wp-json\/wp\/v2\/categories?post=144276"},{"taxonomy":"post_tag","embeddable":true,"href":"https:\/\/linitiative.ca\/International\/wp-json\/wp\/v2\/tags?post=144276"}],"curies":[{"name":"wp","href":"https:\/\/api.w.org\/{rel}","templated":true}]}}