{"id":144279,"date":"2022-03-29T05:34:48","date_gmt":"2022-03-29T09:34:48","guid":{"rendered":"https:\/\/linitiative.ca\/International\/est-adamaoua-une-soixantaine-de-prestataires-mobilises-pour-lautonomisation-des-refugies\/"},"modified":"2022-03-29T05:34:48","modified_gmt":"2022-03-29T09:34:48","slug":"est-adamaoua-une-soixantaine-de-prestataires-mobilises-pour-lautonomisation-des-refugies","status":"publish","type":"post","link":"https:\/\/linitiative.ca\/International\/est-adamaoua-une-soixantaine-de-prestataires-mobilises-pour-lautonomisation-des-refugies\/","title":{"rendered":"Est\/Adamaoua\u00a0: une soixantaine de prestataires mobilis\u00e9s pour l\u2019autonomisation des r\u00e9fugi\u00e9s"},"content":{"rendered":"<div>\n<p>La foire des prestataires des services financiers et non financiers organis\u00e9e \u00e0 Bertoua, chef-lieu de la r\u00e9gion de l\u2019Est le 23 mars 2022 a connu la participation d\u2019environ \u00a064 exposants.\u00a0 Il s\u2019agit entre autres\u00a0: des Agences des Nations-Unies,\u00a0des organisations non-gouvernementales,\u00a0des institutions \u00e9tatiques et para\u00e9tatiques, des associations de femmes entrepreneurs et des coop\u00e9ratives agricoles.\u00a0Ils ont expos\u00e9 leur savoir et leur savoir-faire\u00a0\u00e0\u00a0un public multidisciplinaire \u00e9valu\u00e9 \u00e0 environ 500. Organis\u00e9e par l\u2019Organisation internationale de Travail (l\u2019OIT), cette exposition avait pour objectif d\u2019initier une plateforme de r\u00e9seautage entre les prestataires de services de support \u00e0 l\u2019entrepreneuriat agropastoral et contribuer \u00e0 informer les femmes entrepreneurs et le public de l\u2019existence de tels services. L\u2019initiative fait partie des activit\u00e9s du projet\u00a0\u00ab\u00a0Autonomisation des femmes pour des \u00e9conomies r\u00e9silientes et des communaut\u00e9s pacifiques dans les r\u00e9gions de l\u2019Est et de l\u2019Adamaoua au Cameroun, o\u00f9 vivent les refugi\u00e9es\u00a0\u00bb, lanc\u00e9 officiellement le 15 d\u00e9cembre 2022 \u00e0 Bertoua et financ\u00e9 par la Korea International Cooperation Agency (KOICA). Il a pour but de\u00a0contribuer \u00e0 la redynamisation des \u00e9conomies et \u00e0 la coh\u00e9sion sociale entre les r\u00e9fugi\u00e9s et les communaut\u00e9s d\u2019accueil \u00e0 travers le d\u00e9veloppement de l\u2019entrepreneuriat f\u00e9minin et l\u2019autonomisation \u00e9conomique des femmes dans les cha\u00eenes de valeur agro-\u00e9cologiques productives.<\/p>\n<p><strong>Lire aussi : <a href=\"https:\/\/ecomatin.net\/a-garoua-boulai-la-digitalisation-des-procedures-s-complique-la-collecte-de-limpot-liberatoire\/\">\u00c0 Garoua-Boula\u00ef, la digitalisation des proc\u00e9dures complique la collecte de l\u2019imp\u00f4t lib\u00e9ratoire<\/a><\/strong><\/p>\n<p>Il couvre les r\u00e9gions de l\u2019Adamaoua et de l\u2019Est et concerne 04 d\u00e9partements et 16 communes. D\u2019une dur\u00e9e de 4 ans, le projet vise \u00e0 terme 5000 b\u00e9n\u00e9ficiaires parmi lesquelles 65% de femmes et 50% de r\u00e9fugi\u00e9s.<\/p>\n<p><strong>Lire aussi : <a href=\"https:\/\/ecomatin.net\/region-de-lest-le-ministere-du-tourisme-cherche-5-milliards-pour-viabiliser-le-parc-national-de-lobeke\/\">R\u00e9gion de l\u2019Est\u00a0: le minist\u00e8re du Tourisme cherche 5 milliards pour viabiliser le parc national de Lob\u00e9k\u00e9<\/a><\/strong><\/p>\n<p>Sur le plan pratique, l\u2019accompagnement de ces b\u00e9n\u00e9ficiaires se fera par l\u2019entremise des prestataires de services financiers et non financiers. Pour atteindre cet objectif, il s\u2019av\u00e8re important non seulement d\u2019en avoir une cartographie, mais aussi de faciliter l\u2019interconnexion entre ces prestataires et les entrepreneurs agropastoraux. D\u2019o\u00f9 l\u2019organisation de la premi\u00e8re foire d\u2019exposition des prestataires de services financiers et non financiers \u00e0 l\u2019esplanade du Centre national de la jeunesse et du sport (CENAJES) de Bertoua. Dans l\u2019optique de couvrir toute la zone du projet, 03 autres foires sont pr\u00e9vues au cours de cette ann\u00e9e \u00e0 Batouri, Garoua Boulai et Meiganga.<\/p>\n<p><strong>Martin Foula<\/strong><\/p>\n<p>L\u2019article <a rel=\"nofollow\" href=\"https:\/\/ecomatin.net\/est-adamaoua-une-soixantaine-de-prestataires-mobilises-pour-lautonomisation-des-refugies\/\">Est\/Adamaoua\u00a0: une soixantaine de prestataires mobilis\u00e9s pour l\u2019autonomisation des r\u00e9fugi\u00e9s<\/a> est apparu en premier sur <a rel=\"nofollow\" href=\"https:\/\/ecomatin.net\/\">EcoMatin<\/a>.<\/p>\n<\/div>\n<p>Auteur: EcoMatin<br \/>\n<a href=\"https:\/\/ecomatin.net\/est-adamaoua-une-soixantaine-de-prestataires-mobilises-pour-lautonomisation-des-refugies\/\">Cliquez ici pour lire l&rsquo;article depuis sa source.<\/a><\/p>\n","protected":false},"excerpt":{"rendered":"<p>La foire des prestataires des services financiers et non financiers organis\u00e9e \u00e0 Bertoua, chef-lieu de la r\u00e9gion de l\u2019Est le 23 mars 2022 a connu la participation d\u2019environ \u00a064 exposants.\u00a0 Il s\u2019agit entre autres\u00a0: des Agences des Nations-Unies,\u00a0des organisations non-gouvernementales,\u00a0des institutions \u00e9tatiques et para\u00e9tatiques, des associations de femmes entrepreneurs et des coop\u00e9ratives agricoles.\u00a0Ils ont expos\u00e9 [&hellip;]<\/p>\n","protected":false},"author":1969,"featured_media":0,"comment_status":"closed","ping_status":"closed","sticky":false,"template":"","format":"standard","meta":{"fifu_image_url":"","fifu_image_alt":"","footnotes":""},"categories":[82,78],"tags":[],"class_list":["post-144279","post","type-post","status-publish","format-standard","hentry","category-cameroun","category-economie"],"_links":{"self":[{"href":"https:\/\/linitiative.ca\/International\/wp-json\/wp\/v2\/posts\/144279","targetHints":{"allow":["GET"]}}],"collection":[{"href":"https:\/\/linitiative.ca\/International\/wp-json\/wp\/v2\/posts"}],"about":[{"href":"https:\/\/linitiative.ca\/International\/wp-json\/wp\/v2\/types\/post"}],"author":[{"embeddable":true,"href":"https:\/\/linitiative.ca\/International\/wp-json\/wp\/v2\/users\/1969"}],"replies":[{"embeddable":true,"href":"https:\/\/linitiative.ca\/International\/wp-json\/wp\/v2\/comments?post=144279"}],"version-history":[{"count":0,"href":"https:\/\/linitiative.ca\/International\/wp-json\/wp\/v2\/posts\/144279\/revisions"}],"wp:attachment":[{"href":"https:\/\/linitiative.ca\/International\/wp-json\/wp\/v2\/media?parent=144279"}],"wp:term":[{"taxonomy":"category","embeddable":true,"href":"https:\/\/linitiative.ca\/International\/wp-json\/wp\/v2\/categories?post=144279"},{"taxonomy":"post_tag","embeddable":true,"href":"https:\/\/linitiative.ca\/International\/wp-json\/wp\/v2\/tags?post=144279"}],"curies":[{"name":"wp","href":"https:\/\/api.w.org\/{rel}","templated":true}]}}