{"id":144281,"date":"2022-03-30T08:02:01","date_gmt":"2022-03-30T12:02:01","guid":{"rendered":"https:\/\/linitiative.ca\/International\/laivam-organise-la-troisieme-edition-de-car-of-the-year\/"},"modified":"2022-03-30T08:02:01","modified_gmt":"2022-03-30T12:02:01","slug":"laivam-organise-la-troisieme-edition-de-car-of-the-year","status":"publish","type":"post","link":"https:\/\/linitiative.ca\/International\/laivam-organise-la-troisieme-edition-de-car-of-the-year\/","title":{"rendered":"L\u2019AIVAM organise la troisi\u00e8me \u00e9dition  de \u00abCar of the year\u00bb"},"content":{"rendered":"<div>\n<p><img loading=\"lazy\" decoding=\"async\" width=\"300\" height=\"153\" src=\"https:\/\/linitiative.ca\/International\/wp-content\/uploads\/sites\/23\/2022\/03\/LAIVAM-organise-la-troisieme-edition-de-Car-of-the-year-300x153-1.png\" class=\"attachment-medium size-medium wp-post-image\" alt=\"\" srcset=\"https:\/\/linitiative.ca\/International\/wp-content\/uploads\/sites\/23\/2022\/03\/LAIVAM-organise-la-troisieme-edition-de-Car-of-the-year-300x153-1.png 300w, https:\/\/aujourdhui.ma\/wp-content\/uploads\/2022\/03\/LAIVAM-organise-la-troisieme-edition-de-Car-of-the-year-274x140.png 274w, https:\/\/aujourdhui.ma\/wp-content\/uploads\/2022\/03\/LAIVAM-organise-la-troisieme-edition-de-Car-of-the-year.png 746w, https:\/\/aujourdhui.ma\/wp-content\/uploads\/2022\/03\/LAIVAM-organise-la-troisieme-edition-de-Car-of-the-year-165x84.png 165w, https:\/\/aujourdhui.ma\/wp-content\/uploads\/2022\/03\/LAIVAM-organise-la-troisieme-edition-de-Car-of-the-year-702x358.png 702w\" sizes=\"auto, (max-width: 300px) 100vw, 300px\"><\/p>\n<p><span style=\"color: #800000;\"><strong>Le v\u00e9hicule \u00e9lu sera r\u00e9v\u00e9l\u00e9 sous format digital courant mai 2022<\/strong><\/span><span id=\"more-403856\"><\/span><\/p>\n<p>L\u2019Association des importateurs de v\u00e9hicules au Maroc (AIVAM) organise la troisi\u00e8me \u00e9dition de \u00abCar of the year 2022\u00bb (COTY 2022) au Maroc. \u00abS\u2019inscrivant dans le cadre de la mission de l\u2019association de sensibiliser le public au secteur de l\u2019automobile, cet \u00e9v\u00e9nement se veut un des \u00e9v\u00e9nements professionnels majeurs f\u00eatant l\u2019automobile dans notre pays\u00bb, indique l\u2019AIVAM dans un communiqu\u00e9. L\u2019objectif de \u00abCar of the year 2022\u00bb est d\u2019\u00e9lire la voiture de l\u2019ann\u00e9e par un panel s\u00e9lectionn\u00e9 de journalistes et d\u2019experts sp\u00e9cialis\u00e9s dans l\u2019automobile en assurant une transparence et une \u00e9quit\u00e9 \u00e0 toutes les marques participantes, pr\u00e9cise la m\u00eame source.<\/p>\n<p>Le jury du COTY 2022 se compose de Khadija Dinia (Luxury Life Morocco) \u00e9lue pr\u00e9sidente du jury, de David J\u00e9r\u00e9mie (Challenge), de Jalil Bennani (M24 TV), de Moulay Ahmed Belghiti (Les Ecos), de Mehdi Laaboudi (Maxmag), de Mohamed Akisra (Le Matin), de Nabil Sba\u00ef Tanji (Je veux acheter une voiture !), de Leila Benjelloun (Golf du Maroc), de Hicham Smyej (Medias24.com), d\u2019Essam Chraibi (wandaloo) et de Mourad Khezzari (Gentlemen Driver), rel\u00e8ve le communiqu\u00e9. Les v\u00e9hicules \u00e9ligibles \u00e0 l\u2019\u00e9lection de la voiture de l\u2019ann\u00e9e 2022 sont au nombre de 18 et sont compos\u00e9s des marques et des mod\u00e8les suivants: Audi A3 Sportback, Citro\u00ebn C4, Dacia Logan, Dacia Sandero, Hyundai Creta, Hyundai i10, Hyundai Tucson, Kia Sorento, Mercedes Classe C, Renault Express, DFSK Seres 3, Seat Arona, Skoda Octavia, Toyota Yaris, Toyota Corolla Cross, Volkswagen Caddy 5, Volkswagen Golf 8 et Volkswagen T-Roc, poursuit l\u2019AIVAM.<\/p>\n<p>Les essais statiques ont lieu mercredi 23 mars 2022 et permettront au Jury de d\u00e9terminer un panel de 7 v\u00e9hicules parmi les 18 nomin\u00e9s, selon les crit\u00e8res du r\u00e8glement int\u00e9rieur d\u00e9pos\u00e9 aupr\u00e8s de ma\u00eetre Majid Benjelloun Zahr. Et de noter que les 7 v\u00e9hicules \u00e9ligibles subiront par la suite des essais dynamiques pratiqu\u00e9s par le jury qui d\u00e9signera la voiture de l\u2019ann\u00e9e 2022. Le v\u00e9hicule \u00e9lu \u00abvoiture de l\u2019ann\u00e9e 2022\u00bb sera r\u00e9v\u00e9l\u00e9 sous format digital courant mai 2022.<\/p>\n<\/div>\n<p>Auteur: ALM<br \/>\n<a href=\"https:\/\/aujourdhui.ma\/automobile\/laivam-organise-la-troisieme-edition-de-car-of-the-year\">Cliquez ici pour lire l&rsquo;article depuis sa source.<\/a><\/p>\n","protected":false},"excerpt":{"rendered":"<p>Le v\u00e9hicule \u00e9lu sera r\u00e9v\u00e9l\u00e9 sous format digital courant mai 2022 L\u2019Association des importateurs de v\u00e9hicules au Maroc (AIVAM) organise la troisi\u00e8me \u00e9dition de \u00abCar of the year 2022\u00bb (COTY 2022) au Maroc. \u00abS\u2019inscrivant dans le cadre de la mission de l\u2019association de sensibiliser le public au secteur de l\u2019automobile, cet \u00e9v\u00e9nement se veut un [&hellip;]<\/p>\n","protected":false},"author":1759,"featured_media":0,"comment_status":"closed","ping_status":"closed","sticky":false,"template":"","format":"standard","meta":{"fifu_image_url":"https:\/\/aujourdhui.ma\/wp-content\/uploads\/2022\/03\/LAIVAM-organise-la-troisieme-edition-de-Car-of-the-year-300x153.png","fifu_image_alt":"L\u2019AIVAM organise la troisi\u00e8me \u00e9dition  de \u00abCar of the year\u00bb","footnotes":""},"categories":[73,54],"tags":[],"class_list":["post-144281","post","type-post","status-publish","format-standard","hentry","category-actualite","category-maroc"],"_links":{"self":[{"href":"https:\/\/linitiative.ca\/International\/wp-json\/wp\/v2\/posts\/144281","targetHints":{"allow":["GET"]}}],"collection":[{"href":"https:\/\/linitiative.ca\/International\/wp-json\/wp\/v2\/posts"}],"about":[{"href":"https:\/\/linitiative.ca\/International\/wp-json\/wp\/v2\/types\/post"}],"author":[{"embeddable":true,"href":"https:\/\/linitiative.ca\/International\/wp-json\/wp\/v2\/users\/1759"}],"replies":[{"embeddable":true,"href":"https:\/\/linitiative.ca\/International\/wp-json\/wp\/v2\/comments?post=144281"}],"version-history":[{"count":0,"href":"https:\/\/linitiative.ca\/International\/wp-json\/wp\/v2\/posts\/144281\/revisions"}],"wp:attachment":[{"href":"https:\/\/linitiative.ca\/International\/wp-json\/wp\/v2\/media?parent=144281"}],"wp:term":[{"taxonomy":"category","embeddable":true,"href":"https:\/\/linitiative.ca\/International\/wp-json\/wp\/v2\/categories?post=144281"},{"taxonomy":"post_tag","embeddable":true,"href":"https:\/\/linitiative.ca\/International\/wp-json\/wp\/v2\/tags?post=144281"}],"curies":[{"name":"wp","href":"https:\/\/api.w.org\/{rel}","templated":true}]}}