{"id":144285,"date":"2022-03-30T08:31:58","date_gmt":"2022-03-30T12:31:58","guid":{"rendered":"https:\/\/linitiative.ca\/International\/chine-hausse-de-la-production-et-des-ventes-de-vehicules-electriques\/"},"modified":"2022-03-30T08:31:58","modified_gmt":"2022-03-30T12:31:58","slug":"chine-hausse-de-la-production-et-des-ventes-de-vehicules-electriques","status":"publish","type":"post","link":"https:\/\/linitiative.ca\/International\/chine-hausse-de-la-production-et-des-ventes-de-vehicules-electriques\/","title":{"rendered":"Chine : Hausse de la  production et des ventes  de v\u00e9hicules \u00e9lectriques"},"content":{"rendered":"<div>\n<p><img loading=\"lazy\" decoding=\"async\" width=\"300\" height=\"153\" src=\"https:\/\/linitiative.ca\/International\/wp-content\/uploads\/sites\/23\/2022\/03\/vehicules-electriques-chine-300x153-1.jpg\" class=\"attachment-medium size-medium wp-post-image\" alt=\"\" srcset=\"https:\/\/linitiative.ca\/International\/wp-content\/uploads\/sites\/23\/2022\/03\/vehicules-electriques-chine-300x153-1.jpg 300w, https:\/\/aujourdhui.ma\/wp-content\/uploads\/2019\/12\/vehicules-electriques-chine.jpg 746w\" sizes=\"auto, (max-width: 300px) 100vw, 300px\"><\/p>\n<p><strong>La Chine a enregistr\u00e9 une hausse de la production et des ventes de v\u00e9hicules \u00e9lectriques au cours des deux premiers mois de 2022, en d\u00e9pit de la hausse des prix des mati\u00e8res premi\u00e8res et de l\u2019impact de la pand\u00e9mie de Covid-19, indique l\u2019Acad\u00e9mie chinoise des technologies de l\u2019information et des communications.<\/strong><span id=\"more-403868\"><\/span><\/p>\n<p>Environ 820.000 v\u00e9hicules \u00e9lectriques ont \u00e9t\u00e9 produits en Chine en janvier et f\u00e9vrier derniers, indique l\u2019Acad\u00e9mie dans un rapport, ajoutant que 765.000 v\u00e9hicules \u00e9lectriques ont \u00e9t\u00e9 vendus dans le pays durant la m\u00eame p\u00e9riode.<br \/>\nLe taux de p\u00e9n\u00e9tration du march\u00e9 de ces v\u00e9hicules s\u2019est \u00e9lev\u00e9 \u00e0 17,9% au cours de cette p\u00e9riode, poursuit la m\u00eame source, notant que les v\u00e9hicules \u00e9lectriques fabriqu\u00e9s en Chine sont \u00e9galement devenus plus populaires parmi les consommateurs \u00e9trangers. Les exportations de ce type de v\u00e9hicules ont augment\u00e9 de 381,7% en glissement annuel pour atteindre environ 105.000 unit\u00e9s, selon le rapport.<\/p>\n<\/div>\n<p>Auteur: ALM<br \/>\n<a href=\"https:\/\/aujourdhui.ma\/automobile\/chine-hausse-de-la-production-et-des-ventes-de-vehicules-electriques\">Cliquez ici pour lire l&rsquo;article depuis sa source.<\/a><\/p>\n","protected":false},"excerpt":{"rendered":"<p>La Chine a enregistr\u00e9 une hausse de la production et des ventes de v\u00e9hicules \u00e9lectriques au cours des deux premiers mois de 2022, en d\u00e9pit de la hausse des prix des mati\u00e8res premi\u00e8res et de l\u2019impact de la pand\u00e9mie de Covid-19, indique l\u2019Acad\u00e9mie chinoise des technologies de l\u2019information et des communications. Environ 820.000 v\u00e9hicules \u00e9lectriques [&hellip;]<\/p>\n","protected":false},"author":1759,"featured_media":0,"comment_status":"closed","ping_status":"closed","sticky":false,"template":"","format":"standard","meta":{"fifu_image_url":"https:\/\/aujourdhui.ma\/wp-content\/uploads\/2019\/12\/vehicules-electriques-chine-300x153.jpg","fifu_image_alt":"Chine : Hausse de la  production et des ventes  de v\u00e9hicules \u00e9lectriques","footnotes":""},"categories":[73,54],"tags":[],"class_list":["post-144285","post","type-post","status-publish","format-standard","hentry","category-actualite","category-maroc"],"_links":{"self":[{"href":"https:\/\/linitiative.ca\/International\/wp-json\/wp\/v2\/posts\/144285","targetHints":{"allow":["GET"]}}],"collection":[{"href":"https:\/\/linitiative.ca\/International\/wp-json\/wp\/v2\/posts"}],"about":[{"href":"https:\/\/linitiative.ca\/International\/wp-json\/wp\/v2\/types\/post"}],"author":[{"embeddable":true,"href":"https:\/\/linitiative.ca\/International\/wp-json\/wp\/v2\/users\/1759"}],"replies":[{"embeddable":true,"href":"https:\/\/linitiative.ca\/International\/wp-json\/wp\/v2\/comments?post=144285"}],"version-history":[{"count":0,"href":"https:\/\/linitiative.ca\/International\/wp-json\/wp\/v2\/posts\/144285\/revisions"}],"wp:attachment":[{"href":"https:\/\/linitiative.ca\/International\/wp-json\/wp\/v2\/media?parent=144285"}],"wp:term":[{"taxonomy":"category","embeddable":true,"href":"https:\/\/linitiative.ca\/International\/wp-json\/wp\/v2\/categories?post=144285"},{"taxonomy":"post_tag","embeddable":true,"href":"https:\/\/linitiative.ca\/International\/wp-json\/wp\/v2\/tags?post=144285"}],"curies":[{"name":"wp","href":"https:\/\/api.w.org\/{rel}","templated":true}]}}