{"id":144289,"date":"2022-03-30T10:30:53","date_gmt":"2022-03-30T14:30:53","guid":{"rendered":"https:\/\/linitiative.ca\/International\/ces-nouvelles-emissions-phares-de-la-chaine-arrabiaa\/"},"modified":"2022-03-30T10:30:53","modified_gmt":"2022-03-30T14:30:53","slug":"ces-nouvelles-emissions-phares-de-la-chaine-arrabiaa","status":"publish","type":"post","link":"https:\/\/linitiative.ca\/International\/ces-nouvelles-emissions-phares-de-la-chaine-arrabiaa\/","title":{"rendered":"Ces nouvelles \u00e9missions phares  de la cha\u00eene \u00abArrabiaa\u00bb"},"content":{"rendered":"<div>\n<p><img loading=\"lazy\" decoding=\"async\" width=\"300\" height=\"153\" src=\"https:\/\/linitiative.ca\/International\/wp-content\/uploads\/sites\/23\/2022\/03\/Ces-nouvelles-emissions-phares-de-la-chaine-Arrabiaa-300x153-1.png\" class=\"attachment-medium size-medium wp-post-image\" alt=\"\" srcset=\"https:\/\/linitiative.ca\/International\/wp-content\/uploads\/sites\/23\/2022\/03\/Ces-nouvelles-emissions-phares-de-la-chaine-Arrabiaa-300x153-1.png 300w, https:\/\/aujourdhui.ma\/wp-content\/uploads\/2022\/03\/Ces-nouvelles-emissions-phares-de-la-chaine-Arrabiaa-274x140.png 274w, https:\/\/aujourdhui.ma\/wp-content\/uploads\/2022\/03\/Ces-nouvelles-emissions-phares-de-la-chaine-Arrabiaa.png 746w, https:\/\/aujourdhui.ma\/wp-content\/uploads\/2022\/03\/Ces-nouvelles-emissions-phares-de-la-chaine-Arrabiaa-165x84.png 165w, https:\/\/aujourdhui.ma\/wp-content\/uploads\/2022\/03\/Ces-nouvelles-emissions-phares-de-la-chaine-Arrabiaa-702x358.png 702w\" sizes=\"auto, (max-width: 300px) 100vw, 300px\"><\/p>\n<p><span style=\"color: #800000;\"><strong>Le programme \u00abAsmae Fi Addakira\u00bb pr\u00e9vu en Ramadan<\/strong><\/span><\/p>\n<p><span id=\"more-403830\"><\/span><\/p>\n<p>\u00abArrabiaa\u00bb \u00e9toffe sa programmation. Ainsi, de nouvelles \u00e9missions s\u2019ajoutent \u00e0 la grille de cette cha\u00eene, dirig\u00e9e par Abdessamad Bencherif et relevant de la Soci\u00e9t\u00e9 nationale de radiodiffusion et de t\u00e9l\u00e9vision (SNRT). C\u2019est le cas du programme \u00abAsmae Fi Addakira\u00bb (Des noms en m\u00e9moire) qui sera anim\u00e9, pendant le mois de Ramadan, par sa conceptrice, Fatima Yahdi, \u00e9galement journaliste dans la cha\u00eene. A propos de cette diffusion, elle indique qu\u2019elle se veut de \u00abrelayer la culture de la reconnaissance\u00bb. A son sens, il fait \u00abbon \u00e9voquer les \u00e9v\u00e9nements, les lieux et les personnes\u00bb. A cet effet, il faut avoir, pour Mme Yahdi, de la reconnaissance, notamment \u00e0 l\u2019\u00e9gard de ces personnes. \u00abNous devons avoir la culture de reconnaissance en tant que comportement enracin\u00e9 en nous. Aussi, nous devons avoir une m\u00e9moire active malgr\u00e9 l\u2019oubli\u00bb, s\u2019exprime la conceptrice. A ses yeux, ces \u00abnoms en m\u00e9moire\u00bb peuvent \u00eatre des symboles en diff\u00e9rents domaines comme la litt\u00e9rature, les sciences et le sport ainsi que des professeurs entre autres.<\/p>\n<p>De plus, \u00abZaman Ettakafa\u00bb (Le temps de la culture), qui est d\u00e9j\u00e0 \u00e0 son deuxi\u00e8me \u00e9pisode \u00e9mis vendredi dernier avec une rediffusion dimanche, s\u2019ajoute \u00e0 la grille. Ce programme pr\u00e9sent\u00e9 par Siham Fawzi consiste, selon la cha\u00eene qui en est la productrice, en \u00abun magazine culturel qui s\u2019int\u00e9resse aux activit\u00e9s culturelles\u00bb. Cette \u00e9mission qui comprend des reportages et des couvertures donne \u00e0 d\u00e9couvrir plusieurs aspects comme celui, dans ce deuxi\u00e8me \u00e9pisode, de la solidarit\u00e9 avec le peuple palestinien. Elle remonte \u00e9galement dans le temps de certaines villes comme Sal\u00e9 et son histoire avant de se pencher sur les chantiers qui y sont destin\u00e9s \u00e0 valoriser son patrimoine mat\u00e9riel et immat\u00e9riel. \u00abLe temps de la culture\u00bb, qui c\u00e9l\u00e8bre aussi les relations entre le Maroc et d\u2019autres pays comme la Suisse, programme en outre des signatures de livres comme \u00abRahik Omor\u00bb (Le nectar de la vie) du doyen de la litt\u00e9rature marocaine, Abbas El Jirari.<\/p>\n<p>De plus, l\u2019\u00e9mission \u00abYa mouja ghanni\u00bb (Oh ! chante vague, chante), anim\u00e9e par Dalal Esseddiki, fait partie de la programmation de la cha\u00eene dont la grille est agr\u00e9ment\u00e9e de diff\u00e9rentes diffusions pour marquer des occasions d\u00e9termin\u00e9es. C\u2019est le cas de \u00abWatan Ecchou\u00e2arae\u00bb (La patrie des po\u00e8tes), pr\u00e9sent\u00e9e \u00e9galement par Mme Yahdi pour c\u00e9l\u00e9brer la journ\u00e9e mondiale de la po\u00e9sie et mettre les po\u00e8tes marocains \u00e0 l\u2019honneur. De m\u00eame, \u00abArrabiaa\u00bb n\u2019a pas manqu\u00e9 de c\u00e9l\u00e9brer les trois romanciers marocains ayant obtenu le 7\u00e8me Prix \u00abKatara\u00bb. Outre ces \u00e9missions, d\u2019autres suivront visiblement.<\/p>\n<\/div>\n<p>Auteur: Salima Guisser<br \/>\n<a href=\"https:\/\/aujourdhui.ma\/culture\/ces-nouvelles-emissions-phares-de-la-chaine-arrabiaa\">Cliquez ici pour lire l&rsquo;article depuis sa source.<\/a><\/p>\n","protected":false},"excerpt":{"rendered":"<p>Le programme \u00abAsmae Fi Addakira\u00bb pr\u00e9vu en Ramadan \u00abArrabiaa\u00bb \u00e9toffe sa programmation. Ainsi, de nouvelles \u00e9missions s\u2019ajoutent \u00e0 la grille de cette cha\u00eene, dirig\u00e9e par Abdessamad Bencherif et relevant de la Soci\u00e9t\u00e9 nationale de radiodiffusion et de t\u00e9l\u00e9vision (SNRT). C\u2019est le cas du programme \u00abAsmae Fi Addakira\u00bb (Des noms en m\u00e9moire) qui sera anim\u00e9, pendant [&hellip;]<\/p>\n","protected":false},"author":1759,"featured_media":0,"comment_status":"closed","ping_status":"closed","sticky":false,"template":"","format":"standard","meta":{"fifu_image_url":"https:\/\/aujourdhui.ma\/wp-content\/uploads\/2022\/03\/Ces-nouvelles-emissions-phares-de-la-chaine-Arrabiaa-300x153.png","fifu_image_alt":"Ces nouvelles \u00e9missions phares  de la cha\u00eene \u00abArrabiaa\u00bb","footnotes":""},"categories":[73,54],"tags":[],"class_list":["post-144289","post","type-post","status-publish","format-standard","hentry","category-actualite","category-maroc"],"_links":{"self":[{"href":"https:\/\/linitiative.ca\/International\/wp-json\/wp\/v2\/posts\/144289","targetHints":{"allow":["GET"]}}],"collection":[{"href":"https:\/\/linitiative.ca\/International\/wp-json\/wp\/v2\/posts"}],"about":[{"href":"https:\/\/linitiative.ca\/International\/wp-json\/wp\/v2\/types\/post"}],"author":[{"embeddable":true,"href":"https:\/\/linitiative.ca\/International\/wp-json\/wp\/v2\/users\/1759"}],"replies":[{"embeddable":true,"href":"https:\/\/linitiative.ca\/International\/wp-json\/wp\/v2\/comments?post=144289"}],"version-history":[{"count":0,"href":"https:\/\/linitiative.ca\/International\/wp-json\/wp\/v2\/posts\/144289\/revisions"}],"wp:attachment":[{"href":"https:\/\/linitiative.ca\/International\/wp-json\/wp\/v2\/media?parent=144289"}],"wp:term":[{"taxonomy":"category","embeddable":true,"href":"https:\/\/linitiative.ca\/International\/wp-json\/wp\/v2\/categories?post=144289"},{"taxonomy":"post_tag","embeddable":true,"href":"https:\/\/linitiative.ca\/International\/wp-json\/wp\/v2\/tags?post=144289"}],"curies":[{"name":"wp","href":"https:\/\/api.w.org\/{rel}","templated":true}]}}