{"id":144291,"date":"2022-03-29T14:00:00","date_gmt":"2022-03-29T18:00:00","guid":{"rendered":"https:\/\/linitiative.ca\/International\/des-ambassadeurs-en-vogue-a-agadir\/"},"modified":"2022-03-29T14:00:00","modified_gmt":"2022-03-29T18:00:00","slug":"des-ambassadeurs-en-vogue-a-agadir","status":"publish","type":"post","link":"https:\/\/linitiative.ca\/International\/des-ambassadeurs-en-vogue-a-agadir\/","title":{"rendered":"Des ambassadeurs en vogue \u00e0 Agadir !"},"content":{"rendered":"<div>\n<p class=\"has-black-color has-text-color\"><strong>Un bouquet d\u2019ambassadeurs, de nationalit\u00e9s diverses vient de d\u00e9barquer sur la capitale du Souss. Cette pl\u00e9iade d\u2019envoy\u00e9s, accr\u00e9dit\u00e9e au royaume, fut re\u00e7ue avec tous les \u00e9gards par le conseil r\u00e9gional du Souss Massa. Guilleret par la d\u00e9f\u00e9rence de l\u2019opportunit\u00e9, le pr\u00e9sident eut le m\u00e9rite de mettre les bouch\u00e9es doubles afin de rendre utile le s\u00e9jour de cette constellation de diplomates, fort admirative par la ferveur \u00a0de l\u2019accueil et la sublimit\u00e9 de la d\u00e9couverte. A priori, anim\u00e9s par la diplomatie \u00e9conomique sans pr\u00e9c\u00e9dent, les illustres h\u00f4tes ont eu droit \u00e0 une panoplie de visites des performances de haute facture, comme la station de dessalement d\u2019eaux de mer de la province de Chtouka A\u00eft Baha, la coop\u00e9rative marocaine des primeurs, le Technopark de Souss Massa, la citadelle d\u2019Agadir Oufella. A mesure que cet imposant cort\u00e8ge s\u2019enqu\u00e9rait des unit\u00e9s productives et de ce vestige \u00e0 caract\u00e8re plut\u00f4t patrimonial, d\u2019exhaustives explications furent \u00e9panch\u00e9es \u00e0 leur adresse par des experts respectifs. Sous le th\u00e8me de\u00a0: \u00ab la diplomatie \u00e9conomique est un dispositif de drainage des investissements ext\u00e9rieurs \u00bb, cette pl\u00e9thore d\u2019ambassadeurs, \u00a0repr\u00e9sentant nombre de contr\u00e9es africaines, europ\u00e9ennes et asiatiques, ont effectivement pris connaissance des potentialit\u00e9s vari\u00e9es et \u00e9difiantes d\u2019une r\u00e9gion en pleine mutation, tous azimuts. Il convient de relever, non sans r\u00e9jouissance, l\u2019\u00e9clatante r\u00e9activit\u00e9 du conseil r\u00e9gional face \u00e0 cette \u00e9preuve d\u2019envergure par le biais de laquelle il s\u2019est mis au diapason de la strat\u00e9gie de fortification de l\u2019attractivit\u00e9 du potentiel plurivalent et de la pr\u00e9\u00e9minence du renom de la \u00abcentralit\u00e9\u00bb, r\u00e9solument tourn\u00e9e vers l\u2019ouverture sur l\u2019universalit\u00e9. Cet aplomb de verticalit\u00e9 auquel s\u2019attelle la R\u00e9gion Souss Massa avec une hardiesse ing\u00e9nieuse, sous la conduite d\u2019un strat\u00e8ge qu\u2019on serait tent\u00e9 de baptiser de \u00ab\u00a0force tranquille\u00a0\u00bb, est en passe de mettre de la s\u00e8ve rageuse dans les veines de ses multiples champs d\u2019action. Cet entrain se traduit d\u2019abord par la circonspection du fer de lance et l\u2019adh\u00e9rence des acteurs du conseil \u00e0 ce style de d\u00e9marche, fond\u00e9 sur l\u2019\u00e9coute et l\u2019inclusion. Il faudra bien dire que l\u2019\u00e9closion de ce fleuron r\u00e9gional, scell\u00e9e par l\u2019impulsion de cette maestria habile et sereine, s\u2019harmonise \u00e0 merveille avec l\u2019\u00e9lan effervescent auquel est soumise la premi\u00e8re station baln\u00e9aire du pays dans le sillage de la mise en avant du fameux PDU Royal. L\u2019illustration de cette f\u00e9condit\u00e9 au grand galop s\u2019est encore mise en \u00e9vidence en l\u2019irruption de ce parterre d\u2019ambassadeurs qui ont v\u00e9cu de visu cette ardeur volontariste qui \u00e9maille le tissu d\u00e9veloppemental de la r\u00e9gion. Il va sans dire \u00e9galement que les composantes de la m\u00e9tropole en synergie, contribuent \u00e0 ce bond salutaire, amorc\u00e9 par le Souverain, il y a d\u00e9j\u00e0 quelques ann\u00e9es, pr\u00e9cis\u00e9ment depuis le lancement du plan d\u2019acc\u00e9l\u00e9ration industrielle, en 2018 et le Programme de D\u00e9veloppement Urbain en 2020. Leur pose en ch\u0153ur sur le site symbolique du \u00ab\u00a0mur de souvenir\u00a0\u00bb, grav\u00e9 par l\u2019effigie de la prestigieuse assignation de Feu Mohamed V, aurait sans doute, marqu\u00e9 leur passage sur Agadir de profondes \u00e9motions vis-\u00e0-vis du Regrett\u00e9 Roi, mais aussi de grand ravissement pour cette r\u00e9gion tout feu, tout flamme.<\/strong><\/p>\n<p>L\u2019article <a rel=\"nofollow\" href=\"http:\/\/albayane.press.ma\/des-ambassadeurs-en-vogue-a-agadir.html\">Des ambassadeurs en vogue \u00e0 Agadir !<\/a> est apparu en premier sur <a rel=\"nofollow\" href=\"http:\/\/albayane.press.ma\/\">ALBAYANE<\/a>.<\/p>\n<\/div>\n<p>Auteur: M&rsquo;hammed rahal<br \/>\n<a href=\"http:\/\/albayane.press.ma\/des-ambassadeurs-en-vogue-a-agadir.html\">Cliquez ici pour lire l&rsquo;article depuis sa source.<\/a><\/p>\n","protected":false},"excerpt":{"rendered":"<p>Un bouquet d\u2019ambassadeurs, de nationalit\u00e9s diverses vient de d\u00e9barquer sur la capitale du Souss. Cette pl\u00e9iade d\u2019envoy\u00e9s, accr\u00e9dit\u00e9e au royaume, fut re\u00e7ue avec tous les \u00e9gards par le conseil r\u00e9gional du Souss Massa. Guilleret par la d\u00e9f\u00e9rence de l\u2019opportunit\u00e9, le pr\u00e9sident eut le m\u00e9rite de mettre les bouch\u00e9es doubles afin de rendre utile le s\u00e9jour [&hellip;]<\/p>\n","protected":false},"author":1760,"featured_media":0,"comment_status":"closed","ping_status":"closed","sticky":false,"template":"","format":"standard","meta":{"fifu_image_url":"","fifu_image_alt":"","footnotes":""},"categories":[73,54],"tags":[],"class_list":["post-144291","post","type-post","status-publish","format-standard","hentry","category-actualite","category-maroc"],"_links":{"self":[{"href":"https:\/\/linitiative.ca\/International\/wp-json\/wp\/v2\/posts\/144291","targetHints":{"allow":["GET"]}}],"collection":[{"href":"https:\/\/linitiative.ca\/International\/wp-json\/wp\/v2\/posts"}],"about":[{"href":"https:\/\/linitiative.ca\/International\/wp-json\/wp\/v2\/types\/post"}],"author":[{"embeddable":true,"href":"https:\/\/linitiative.ca\/International\/wp-json\/wp\/v2\/users\/1760"}],"replies":[{"embeddable":true,"href":"https:\/\/linitiative.ca\/International\/wp-json\/wp\/v2\/comments?post=144291"}],"version-history":[{"count":0,"href":"https:\/\/linitiative.ca\/International\/wp-json\/wp\/v2\/posts\/144291\/revisions"}],"wp:attachment":[{"href":"https:\/\/linitiative.ca\/International\/wp-json\/wp\/v2\/media?parent=144291"}],"wp:term":[{"taxonomy":"category","embeddable":true,"href":"https:\/\/linitiative.ca\/International\/wp-json\/wp\/v2\/categories?post=144291"},{"taxonomy":"post_tag","embeddable":true,"href":"https:\/\/linitiative.ca\/International\/wp-json\/wp\/v2\/tags?post=144291"}],"curies":[{"name":"wp","href":"https:\/\/api.w.org\/{rel}","templated":true}]}}