{"id":144292,"date":"2022-03-29T14:00:00","date_gmt":"2022-03-29T18:00:00","guid":{"rendered":"https:\/\/linitiative.ca\/International\/vision-electrique-2022-honda-accelere-le-tempo\/"},"modified":"2022-03-29T14:00:00","modified_gmt":"2022-03-29T18:00:00","slug":"vision-electrique-2022-honda-accelere-le-tempo","status":"publish","type":"post","link":"https:\/\/linitiative.ca\/International\/vision-electrique-2022-honda-accelere-le-tempo\/","title":{"rendered":"Vision \u00e9lectrique 2022 : Honda acc\u00e9l\u00e8re le tempo"},"content":{"rendered":"<div>\n<p class=\"has-text-align-center has-vivid-red-color has-text-color\"><strong>Apr\u00e8s avoir atteint son objectif<\/strong><\/p>\n<p class=\"has-black-color has-text-color\"><strong>Honda a r\u00e9cemment d\u00e9voil\u00e9 son nouveau mod\u00e8le \u00e9lectrifi\u00e9 : la Civic\u00a0e:HEV hybride. Cette Civic de 11<sup>e<\/sup> g\u00e9n\u00e9ration, qui sera disponible en Europe dans le courant de cette ann\u00e9e, marque la concr\u00e9tisation de l\u2019engagement pris par la marque d\u2019\u00e9lectrifier la totalit\u00e9 de ses mod\u00e8les grand public en Europe d\u2019ici fin 2022.<\/strong><\/p>\n<p class=\"has-black-color has-text-color\">Honda a \u00e9galement confirm\u00e9 l\u2019\u00e9largissement de sa gamme de produits \u00e9lectrifi\u00e9s en 2023. Parmi les nouveaux-venus, un SUV enti\u00e8rement \u00e9lectrique du segment B, sorti en avant-premi\u00e8re sous le nom e:Ny1 Prototype, un SUV enti\u00e8rement hybride du segment C et le dernier mill\u00e9sime du CR-V, qui sera disponible avec des options de motorisation hybride compl\u00e8te ou hybride rechargeable pour la premi\u00e8re fois en Europe.<\/p>\n<p class=\"has-black-color has-text-color\">Avec une commercialisation pr\u00e9vue en 2023, le v\u00e9hicule \u00e9lectrique e:Ny1 sera au centre de la future gamme de produits Honda. Offrant l\u2019alliance exclusive de dynamisme, de technologie et de conception qui a fait la r\u00e9putation de Honda, ce SUV compact apportera une formidable r\u00e9ponse aux familles \u00e0 la recherche de leur premier v\u00e9hicule \u00e9lectrique.<\/p>\n<p class=\"has-black-color has-text-color\">\u00ab\u00a0La r\u00e9alisation de notre objectif d\u2019\u00e9lectrification marque une \u00e9tape importante pour Honda en Europe\u00a0\u00bb, a d\u00e9clar\u00e9 Tom Gardner, Vice-Pr\u00e9sident de Honda Motor Europe. Et d\u2019ajouter\u00a0: \u00ab\u00a0N\u00e9anmoins, nous ne nous reposons pas sur nos lauriers. Nos plans visant \u00e0 \u00e9largir le choix de v\u00e9hicules hybrides et \u00e9lectriques \u00e0 batterie pour nos clients et, \u00e0 d\u00e9velopper notre offre dans les segments en forte croissance des SUV B et C, sont d\u00e9j\u00e0 bien avanc\u00e9s. Les mod\u00e8les que nous lancerons en 2023 ouvriront la voie \u00e0 la nouvelle g\u00e9n\u00e9ration de voitures Honda \u00e9lectrifi\u00e9es, qui conserveront la dynamique de conduite stimulante associ\u00e9e au confort et \u00e0 la fonctionnalit\u00e9 exceptionnelle que nos clients attendent\u00a0\u00bb.\u00a0<\/p>\n<p class=\"has-black-color has-text-color\"><strong>Le parcours vers l\u2019\u00e9lectrification de Honda prend de l\u2019ampleur<\/strong><\/p>\n<p class=\"has-black-color has-text-color\">Pour l\u2019\u00e9tape suivante de son parcours vers l\u2019\u00e9lectrification, Honda applique une strat\u00e9gie de diversification en vue d\u2019atteindre son objectif de neutralit\u00e9 carbone pour tous les produits Honda et les activit\u00e9s de l\u2019entreprise d\u2019ici 2050. La marque pr\u00e9voit d\u2019effectuer des investissements importants dans un \u00e9ventail de technologies \u00e0 z\u00e9ro \u00e9mission, notamment des batteries \u00e0 \u00e9lectrolyte solide, des syst\u00e8mes de batteries \u00e9changeables, des carburants neutres en carbone et des piles \u00e0 hydrog\u00e8ne.<\/p>\n<p class=\"has-black-color has-text-color\">Au c\u0153ur de cette strat\u00e9gie se trouve l\u2019augmentation sur tous les principaux march\u00e9s, y compris la r\u00e9gion europ\u00e9enne, de la proportion de ventes de v\u00e9hicules \u00e9lectriques et de v\u00e9hicules \u00e0 pile \u00e0 combustible de 40 % d\u2019ici 2030 \u00e0 80 % d\u2019ici 2035. L\u2019entreprise mettra \u00e9galement fin \u00e0 la commercialisation d\u2019automobiles \u00e9quip\u00e9es d\u2019un moteur \u00e0 combustion interne \u00e0 l\u2019\u00e9chelle mondiale d\u2019ici 2040.<\/p>\n<p class=\"has-black-color has-text-color\">En compl\u00e9ment, Honda \u00e9largit son horizon et se tourne vers d\u2019autres secteurs, puisant dans sa longue histoire de cr\u00e9ation de produits et de technologies \u00e0 la fois uniques et avanc\u00e9s. Dans l\u2019aviation, s\u2019appuyant sur la technologie et le savoir-faire acquis gr\u00e2ce au HondaJet, \u00e0 la Formule\u00a01 et \u00e0 l\u2019\u00e9lectrification, Honda d\u00e9veloppera un appareil \u00e9lectrique \u00e0 d\u00e9collage et atterrissage vertical (eVTOL) pour le transport inter-villes. Dans le domaine de la robotique, le Honda Avatar Robot \u00e0 doigts multiples actionn\u00e9 par l\u2019IA suivra dans les pas d\u2019ASIMO d\u2019ici la fin 2024, avec la perspective d\u2019une application pratique dans les ann\u00e9es 2030.<\/p>\n<p class=\"has-black-color has-text-color\">Par ailleurs, les ambitions de Honda vont m\u00eame au-del\u00e0 de la Terre\u00a0: une \u00e9tude conjointe est en cours avec l\u2019Agence spatiale japonaise pour utiliser la technologie de pile \u00e0 combustible de l\u2019entreprise afin de soutenir la vie humaine sur des bases lunaires futures.<\/p>\n<p>L\u2019article <a rel=\"nofollow\" href=\"http:\/\/albayane.press.ma\/vision-electrique-2022-honda-accelere-le-tempo.html\">Vision \u00e9lectrique 2022 : Honda acc\u00e9l\u00e8re le tempo<\/a> est apparu en premier sur <a rel=\"nofollow\" href=\"http:\/\/albayane.press.ma\/\">ALBAYANE<\/a>.<\/p>\n<\/div>\n<p>Auteur: M&rsquo;hammed rahal<br \/>\n<a href=\"http:\/\/albayane.press.ma\/vision-electrique-2022-honda-accelere-le-tempo.html\">Cliquez ici pour lire l&rsquo;article depuis sa source.<\/a><\/p>\n","protected":false},"excerpt":{"rendered":"<p>Apr\u00e8s avoir atteint son objectif Honda a r\u00e9cemment d\u00e9voil\u00e9 son nouveau mod\u00e8le \u00e9lectrifi\u00e9 : la Civic\u00a0e:HEV hybride. Cette Civic de 11e g\u00e9n\u00e9ration, qui sera disponible en Europe dans le courant de cette ann\u00e9e, marque la concr\u00e9tisation de l\u2019engagement pris par la marque d\u2019\u00e9lectrifier la totalit\u00e9 de ses mod\u00e8les grand public en Europe d\u2019ici fin 2022. [&hellip;]<\/p>\n","protected":false},"author":1760,"featured_media":0,"comment_status":"closed","ping_status":"closed","sticky":false,"template":"","format":"standard","meta":{"fifu_image_url":"","fifu_image_alt":"","footnotes":""},"categories":[73,54],"tags":[],"class_list":["post-144292","post","type-post","status-publish","format-standard","hentry","category-actualite","category-maroc"],"_links":{"self":[{"href":"https:\/\/linitiative.ca\/International\/wp-json\/wp\/v2\/posts\/144292","targetHints":{"allow":["GET"]}}],"collection":[{"href":"https:\/\/linitiative.ca\/International\/wp-json\/wp\/v2\/posts"}],"about":[{"href":"https:\/\/linitiative.ca\/International\/wp-json\/wp\/v2\/types\/post"}],"author":[{"embeddable":true,"href":"https:\/\/linitiative.ca\/International\/wp-json\/wp\/v2\/users\/1760"}],"replies":[{"embeddable":true,"href":"https:\/\/linitiative.ca\/International\/wp-json\/wp\/v2\/comments?post=144292"}],"version-history":[{"count":0,"href":"https:\/\/linitiative.ca\/International\/wp-json\/wp\/v2\/posts\/144292\/revisions"}],"wp:attachment":[{"href":"https:\/\/linitiative.ca\/International\/wp-json\/wp\/v2\/media?parent=144292"}],"wp:term":[{"taxonomy":"category","embeddable":true,"href":"https:\/\/linitiative.ca\/International\/wp-json\/wp\/v2\/categories?post=144292"},{"taxonomy":"post_tag","embeddable":true,"href":"https:\/\/linitiative.ca\/International\/wp-json\/wp\/v2\/tags?post=144292"}],"curies":[{"name":"wp","href":"https:\/\/api.w.org\/{rel}","templated":true}]}}