{"id":144293,"date":"2022-03-29T14:00:00","date_gmt":"2022-03-29T18:00:00","guid":{"rendered":"https:\/\/linitiative.ca\/International\/londres-accelere-le-deploiement-de-bornes-de-recharge\/"},"modified":"2022-03-29T14:00:00","modified_gmt":"2022-03-29T18:00:00","slug":"londres-accelere-le-deploiement-de-bornes-de-recharge","status":"publish","type":"post","link":"https:\/\/linitiative.ca\/International\/londres-accelere-le-deploiement-de-bornes-de-recharge\/","title":{"rendered":"Londres acc\u00e9l\u00e8re le d\u00e9ploiement de bornes de recharge"},"content":{"rendered":"<div>\n<p class=\"has-text-align-center has-vivid-red-color has-text-color\"><strong>V\u00e9hicules \u00e9lectriques<\/strong><\/p>\n<p class=\"has-black-color has-text-color\"><strong>Le gouvernement britannique, press\u00e9 depuis des mois par l\u2019industrie automobile d\u2019acc\u00e9l\u00e9rer le d\u00e9ploiement de bornes pour v\u00e9hicules \u00e9lectriques, a annonc\u00e9 la mise \u00e0 disposition d\u20191,6 milliard de livres pour atteindre 300.000 points de recharge publics d\u2019ici 2030.<\/strong><\/p>\n<p class=\"has-black-color has-text-color\">Cette somme correspond \u00e0 des montants d\u00e9j\u00e0 annonc\u00e9s, notamment dans le budget annuel d\u2019octobre dernier, pour le d\u00e9veloppement des v\u00e9hicules \u00e9lectriques, mais elles sont d\u00e9sormais affect\u00e9es \u00e0 l\u2019acc\u00e9l\u00e9ration du d\u00e9ploiement de bornes de recharge, a pr\u00e9cis\u00e9 une porte-parole du minist\u00e8re des Transports.<br \/>Le Royaume-Uni a fix\u00e9 \u00e0 2030 l\u2019interdiction des ventes de nouveaux v\u00e9hicules essence et diesel dans le pays.<br \/>\u00ab\u00a0Le gouvernement compte d\u00e9cupler \u00a0le nombre de points de recharge en stimulant notamment les projets d\u2019autorit\u00e9s locales et d\u2019acteurs priv\u00e9s, et veut atteindre environ 300.000 bornes publiques d\u2019ici 2030 dans le pays, c\u2019est \u00e0 dire \u00e0 peu pr\u00e8s cinq fois le nombre de pompes \u00e0 essence sur nos routes aujourd\u2019hui\u00a0\u00bb, a fait valoir l\u2019ex\u00e9cutif dans un communiqu\u00e9.<br \/>\u00ab\u00a0Un fonds de 950 millions de livres sera notamment mis \u00e0 contribution pour le d\u00e9ploiement d\u2019au moins 6000 bornes de recharge ultra-rapides et \u00e0 haute puissance sur les autoroutes anglaises d\u2019ici 2035\u00a0\u00bb, pr\u00e9cise le communiqu\u00e9 du gouvernement.<\/p>\n<p class=\"has-black-color has-text-color\">En parall\u00e8le de ces fonds publics, le gouvernement annonce un investissement du g\u00e9ant p\u00e9trolier britannique BP d\u2019un milliard de livres dans des \u00e9quipements de recharge \u00ab\u00a0ultra-rapides\u00a0\u00bb, alors que l\u2019entreprise avait d\u00e9j\u00e0 annonc\u00e9 son intention de multiplier ses investissements dans l\u2019\u00e9nergie \u00e0 faible \u00e9mission carbone.<br \/>Londres avait d\u00e9clar\u00e9 en novembre que l\u2019installation d\u2019un point de recharge pour v\u00e9hicule \u00e9lectrique serait obligatoire au Royaume-Uni dans les nouvelles constructions et dans le cadre de r\u00e9novations majeures \u00e0 partir de cette ann\u00e9e.<\/p>\n<p class=\"has-black-color has-text-color\">Le gouvernement avait dit esp\u00e9rer que 145.000 nouveaux points de recharge seraient cr\u00e9\u00e9s chaque ann\u00e9e gr\u00e2ce \u00e0 cette nouvelle r\u00e8glementation.<br \/>Le ratio entre les bornes de recharge publiques et les v\u00e9hicules \u00e9lectriques s\u2019est d\u00e9t\u00e9rior\u00e9 l\u2019ann\u00e9e derni\u00e8re, a d\u00e9plor\u00e9 l\u2019association du secteur automobile, la SMMT.<br \/>Il est pass\u00e9 d\u2019une borne pour 16 v\u00e9hicules \u00e0 une pour 32, face \u00e0 l\u2019augmentation des ventes de ce type de v\u00e9hicule, selon l\u2019association, qui appelle gouvernement comme op\u00e9rateurs priv\u00e9s \u00e0 mettre les bouch\u00e9es doubles.<\/p>\n<p>L\u2019article <a rel=\"nofollow\" href=\"http:\/\/albayane.press.ma\/londres-accelere-le-deploiement-de-bornes-de-recharge.html\">Londres acc\u00e9l\u00e8re le d\u00e9ploiement de bornes de recharge<\/a> est apparu en premier sur <a rel=\"nofollow\" href=\"http:\/\/albayane.press.ma\/\">ALBAYANE<\/a>.<\/p>\n<\/div>\n<p>Auteur: M&rsquo;hammed rahal<br \/>\n<a href=\"http:\/\/albayane.press.ma\/londres-accelere-le-deploiement-de-bornes-de-recharge.html\">Cliquez ici pour lire l&rsquo;article depuis sa source.<\/a><\/p>\n","protected":false},"excerpt":{"rendered":"<p>V\u00e9hicules \u00e9lectriques Le gouvernement britannique, press\u00e9 depuis des mois par l\u2019industrie automobile d\u2019acc\u00e9l\u00e9rer le d\u00e9ploiement de bornes pour v\u00e9hicules \u00e9lectriques, a annonc\u00e9 la mise \u00e0 disposition d\u20191,6 milliard de livres pour atteindre 300.000 points de recharge publics d\u2019ici 2030. Cette somme correspond \u00e0 des montants d\u00e9j\u00e0 annonc\u00e9s, notamment dans le budget annuel d\u2019octobre dernier, pour [&hellip;]<\/p>\n","protected":false},"author":1760,"featured_media":0,"comment_status":"closed","ping_status":"closed","sticky":false,"template":"","format":"standard","meta":{"fifu_image_url":"","fifu_image_alt":"","footnotes":""},"categories":[73,54],"tags":[],"class_list":["post-144293","post","type-post","status-publish","format-standard","hentry","category-actualite","category-maroc"],"_links":{"self":[{"href":"https:\/\/linitiative.ca\/International\/wp-json\/wp\/v2\/posts\/144293","targetHints":{"allow":["GET"]}}],"collection":[{"href":"https:\/\/linitiative.ca\/International\/wp-json\/wp\/v2\/posts"}],"about":[{"href":"https:\/\/linitiative.ca\/International\/wp-json\/wp\/v2\/types\/post"}],"author":[{"embeddable":true,"href":"https:\/\/linitiative.ca\/International\/wp-json\/wp\/v2\/users\/1760"}],"replies":[{"embeddable":true,"href":"https:\/\/linitiative.ca\/International\/wp-json\/wp\/v2\/comments?post=144293"}],"version-history":[{"count":0,"href":"https:\/\/linitiative.ca\/International\/wp-json\/wp\/v2\/posts\/144293\/revisions"}],"wp:attachment":[{"href":"https:\/\/linitiative.ca\/International\/wp-json\/wp\/v2\/media?parent=144293"}],"wp:term":[{"taxonomy":"category","embeddable":true,"href":"https:\/\/linitiative.ca\/International\/wp-json\/wp\/v2\/categories?post=144293"},{"taxonomy":"post_tag","embeddable":true,"href":"https:\/\/linitiative.ca\/International\/wp-json\/wp\/v2\/tags?post=144293"}],"curies":[{"name":"wp","href":"https:\/\/api.w.org\/{rel}","templated":true}]}}