{"id":144300,"date":"2022-03-30T13:21:09","date_gmt":"2022-03-30T17:21:09","guid":{"rendered":"https:\/\/linitiative.ca\/International\/les-departs-se-suivent-a-lenseignement-superieur\/"},"modified":"2022-03-30T13:21:09","modified_gmt":"2022-03-30T17:21:09","slug":"les-departs-se-suivent-a-lenseignement-superieur","status":"publish","type":"post","link":"https:\/\/linitiative.ca\/International\/les-departs-se-suivent-a-lenseignement-superieur\/","title":{"rendered":"Les d\u00e9parts se suivent \u00e0 l\u2019Enseignement sup\u00e9rieur"},"content":{"rendered":"<div>\n<div class=\"field field-name-body field-type-text-with-summary field-label-hidden\">\n<div class=\"field-items\">\n<div class=\"field-item even\" property=\"content:encoded\">\n<p class=\"rtejustify\">Et de 4! Deux nouveaux directeurs du minist\u00e8re de l\u2019Enseignement sup\u00e9rieur quittent leurs postes. Il s\u2019agit de Hakima Khammar, DRH, nomm\u00e9e en mars 2019, et Ahmed Hammouch, directeur de la recherche scientifique et de l\u2019innovation, en poste depuis juin 2018. Deux autres directeurs avaient quitt\u00e9 le d\u00e9partement d\u2019Abdellatif Miraoui en f\u00e9vrier dernier: Mohamed Said Alj Bentires, Inspecteur g\u00e9n\u00e9ral et responsable de la direction des Affaires juridiques, et Anas Bennani, directeur de la Coop\u00e9ration et du Partenariat depuis juin 2018.<\/p>\n<\/div>\n<\/div>\n<\/div>\n<\/div>\n<p>Auteur: hgueye<br \/>\n<a href=\"https:\/\/www.leconomiste.com\/flash-infos\/les-departs-se-suivent-l-enseignement-superieur\">Cliquez ici pour lire l&rsquo;article depuis sa source.<\/a><\/p>\n","protected":false},"excerpt":{"rendered":"<p>Et de 4! Deux nouveaux directeurs du minist\u00e8re de l\u2019Enseignement sup\u00e9rieur quittent leurs postes. Il s\u2019agit de Hakima Khammar, DRH, nomm\u00e9e en mars 2019, et Ahmed Hammouch, directeur de la recherche scientifique et de l\u2019innovation, en poste depuis juin 2018. Deux autres directeurs avaient quitt\u00e9 le d\u00e9partement d\u2019Abdellatif Miraoui en f\u00e9vrier dernier: Mohamed Said Alj [&hellip;]<\/p>\n","protected":false},"author":1763,"featured_media":0,"comment_status":"closed","ping_status":"closed","sticky":false,"template":"","format":"standard","meta":{"fifu_image_url":"","fifu_image_alt":"","footnotes":""},"categories":[78,54],"tags":[],"class_list":["post-144300","post","type-post","status-publish","format-standard","hentry","category-economie","category-maroc"],"_links":{"self":[{"href":"https:\/\/linitiative.ca\/International\/wp-json\/wp\/v2\/posts\/144300","targetHints":{"allow":["GET"]}}],"collection":[{"href":"https:\/\/linitiative.ca\/International\/wp-json\/wp\/v2\/posts"}],"about":[{"href":"https:\/\/linitiative.ca\/International\/wp-json\/wp\/v2\/types\/post"}],"author":[{"embeddable":true,"href":"https:\/\/linitiative.ca\/International\/wp-json\/wp\/v2\/users\/1763"}],"replies":[{"embeddable":true,"href":"https:\/\/linitiative.ca\/International\/wp-json\/wp\/v2\/comments?post=144300"}],"version-history":[{"count":0,"href":"https:\/\/linitiative.ca\/International\/wp-json\/wp\/v2\/posts\/144300\/revisions"}],"wp:attachment":[{"href":"https:\/\/linitiative.ca\/International\/wp-json\/wp\/v2\/media?parent=144300"}],"wp:term":[{"taxonomy":"category","embeddable":true,"href":"https:\/\/linitiative.ca\/International\/wp-json\/wp\/v2\/categories?post=144300"},{"taxonomy":"post_tag","embeddable":true,"href":"https:\/\/linitiative.ca\/International\/wp-json\/wp\/v2\/tags?post=144300"}],"curies":[{"name":"wp","href":"https:\/\/api.w.org\/{rel}","templated":true}]}}