{"id":144301,"date":"2022-03-30T03:16:00","date_gmt":"2022-03-30T07:16:00","guid":{"rendered":"https:\/\/linitiative.ca\/International\/nigeria-deces-dun-medecin-de-la-caf-suite-aux-incidents-dus-a-lelimination\/"},"modified":"2022-03-30T03:16:00","modified_gmt":"2022-03-30T07:16:00","slug":"nigeria-deces-dun-medecin-de-la-caf-suite-aux-incidents-dus-a-lelimination","status":"publish","type":"post","link":"https:\/\/linitiative.ca\/International\/nigeria-deces-dun-medecin-de-la-caf-suite-aux-incidents-dus-a-lelimination\/","title":{"rendered":"Nig\u00e9ria : D\u00e9c\u00e8s d&rsquo;un m\u00e9decin de la CAF suite aux incidents dus \u00e0 l&rsquo;\u00e9limination"},"content":{"rendered":"<div>L&rsquo;\u00e9limination du Nig\u00e9ria face au Ghana en barrage de Coupe du monde a provoqu\u00e9 de terribles incidents du c\u00f4t\u00e9 d&rsquo;Abuja. Un m\u00e9decin de la CAF est m\u00eame mort dans le stade&#8230;<\/div>\n<p>Auteur:<br \/>\n<a href=\"https:\/\/www.lebuteur.com\/article\/detail?titre=nigeria-deces-dun-medecin-de-la-caf-suite-aux-incidents-dus-a-lelimination&#038;id=102600\">Cliquez ici pour lire l&rsquo;article depuis sa source.<\/a><\/p>\n","protected":false},"excerpt":{"rendered":"<p>L&rsquo;\u00e9limination du Nig\u00e9ria face au Ghana en barrage de Coupe du monde a provoqu\u00e9 de terribles incidents du c\u00f4t\u00e9 d&rsquo;Abuja. Un m\u00e9decin de la CAF est m\u00eame mort dans le stade&#8230; Auteur: Cliquez ici pour lire l&rsquo;article depuis sa source.<\/p>\n","protected":false},"author":1738,"featured_media":0,"comment_status":"closed","ping_status":"closed","sticky":false,"template":"","format":"standard","meta":{"fifu_image_url":"","fifu_image_alt":"","footnotes":""},"categories":[53,75],"tags":[],"class_list":["post-144301","post","type-post","status-publish","format-standard","hentry","category-algerie","category-sport"],"_links":{"self":[{"href":"https:\/\/linitiative.ca\/International\/wp-json\/wp\/v2\/posts\/144301","targetHints":{"allow":["GET"]}}],"collection":[{"href":"https:\/\/linitiative.ca\/International\/wp-json\/wp\/v2\/posts"}],"about":[{"href":"https:\/\/linitiative.ca\/International\/wp-json\/wp\/v2\/types\/post"}],"author":[{"embeddable":true,"href":"https:\/\/linitiative.ca\/International\/wp-json\/wp\/v2\/users\/1738"}],"replies":[{"embeddable":true,"href":"https:\/\/linitiative.ca\/International\/wp-json\/wp\/v2\/comments?post=144301"}],"version-history":[{"count":0,"href":"https:\/\/linitiative.ca\/International\/wp-json\/wp\/v2\/posts\/144301\/revisions"}],"wp:attachment":[{"href":"https:\/\/linitiative.ca\/International\/wp-json\/wp\/v2\/media?parent=144301"}],"wp:term":[{"taxonomy":"category","embeddable":true,"href":"https:\/\/linitiative.ca\/International\/wp-json\/wp\/v2\/categories?post=144301"},{"taxonomy":"post_tag","embeddable":true,"href":"https:\/\/linitiative.ca\/International\/wp-json\/wp\/v2\/tags?post=144301"}],"curies":[{"name":"wp","href":"https:\/\/api.w.org\/{rel}","templated":true}]}}