{"id":144306,"date":"2022-03-30T05:54:00","date_gmt":"2022-03-30T09:54:00","guid":{"rendered":"https:\/\/linitiative.ca\/International\/melanges-offerts-ce-vendredi-au-doyen-fadhel-moussa\/"},"modified":"2022-03-30T05:54:00","modified_gmt":"2022-03-30T09:54:00","slug":"melanges-offerts-ce-vendredi-au-doyen-fadhel-moussa","status":"publish","type":"post","link":"https:\/\/linitiative.ca\/International\/melanges-offerts-ce-vendredi-au-doyen-fadhel-moussa\/","title":{"rendered":"M\u00e9langes offerts ce vendredi au doyen Fadhel Moussa"},"content":{"rendered":"<div><img decoding=\"async\" src=\"https:\/\/linitiative.ca\/International\/wp-content\/uploads\/sites\/23\/2022\/03\/1648630492_article.jpg\" alt=\"Fadhel Moussa\" align=\"left\">En pr\u00e8s de 1400 pages, 45 contributions par d\u2019\u00e9minents universitaires tunisiens et \u00e9trangers constituent un recueil d\u2019\u00e9tudes qui sera offert en M\u00e9langes au professeur Fadhel Moussa, ancien doyen de la facult\u00e9 des Sciences juridiques, politiques et sociales de Tunis. Un hommage ponctu\u00e9 \u00e0 sa contribution remarquable \u00e0 l\u2019enseignement et \u00e0 la recherche. La remise de ce recueil, pr\u00e9fac\u00e9 par le doyen Sadok Belaid, aura lieu lors d\u2019une c\u00e9r\u00e9monie qui se tiendra ce vendredi 1er avril 2022, \u00e0 la facult\u00e9, sous la pr\u00e9sidence de la doyenne Neila Chaabane.<br \/>\n\u00a0<\/p>\n<\/div>\n<p>Auteur:<br \/>\n<a href=\"https:\/\/www.leaders.com.tn\/article\/33152-melanges-offerts-ce-vendredi-au-doyen-fadhel-moussa\">Cliquez ici pour lire l&rsquo;article depuis sa source.<\/a><\/p>\n","protected":false},"excerpt":{"rendered":"<p>En pr\u00e8s de 1400 pages, 45 contributions par d\u2019\u00e9minents universitaires tunisiens et \u00e9trangers constituent un recueil d\u2019\u00e9tudes qui sera offert en M\u00e9langes au professeur Fadhel Moussa, ancien doyen de la facult\u00e9 des Sciences juridiques, politiques et sociales de Tunis. Un hommage ponctu\u00e9 \u00e0 sa contribution remarquable \u00e0 l\u2019enseignement et \u00e0 la recherche. La remise de [&hellip;]<\/p>\n","protected":false},"author":1772,"featured_media":0,"comment_status":"closed","ping_status":"closed","sticky":false,"template":"","format":"standard","meta":{"fifu_image_url":"http:\/\/www.leaders.com.tn\/uploads\/content\/thumbnails_small\/1648630492_article.jpg","fifu_image_alt":"M\u00e9langes offerts ce vendredi au doyen Fadhel Moussa","footnotes":""},"categories":[73,55],"tags":[],"class_list":["post-144306","post","type-post","status-publish","format-standard","hentry","category-actualite","category-tunisie"],"_links":{"self":[{"href":"https:\/\/linitiative.ca\/International\/wp-json\/wp\/v2\/posts\/144306","targetHints":{"allow":["GET"]}}],"collection":[{"href":"https:\/\/linitiative.ca\/International\/wp-json\/wp\/v2\/posts"}],"about":[{"href":"https:\/\/linitiative.ca\/International\/wp-json\/wp\/v2\/types\/post"}],"author":[{"embeddable":true,"href":"https:\/\/linitiative.ca\/International\/wp-json\/wp\/v2\/users\/1772"}],"replies":[{"embeddable":true,"href":"https:\/\/linitiative.ca\/International\/wp-json\/wp\/v2\/comments?post=144306"}],"version-history":[{"count":0,"href":"https:\/\/linitiative.ca\/International\/wp-json\/wp\/v2\/posts\/144306\/revisions"}],"wp:attachment":[{"href":"https:\/\/linitiative.ca\/International\/wp-json\/wp\/v2\/media?parent=144306"}],"wp:term":[{"taxonomy":"category","embeddable":true,"href":"https:\/\/linitiative.ca\/International\/wp-json\/wp\/v2\/categories?post=144306"},{"taxonomy":"post_tag","embeddable":true,"href":"https:\/\/linitiative.ca\/International\/wp-json\/wp\/v2\/tags?post=144306"}],"curies":[{"name":"wp","href":"https:\/\/api.w.org\/{rel}","templated":true}]}}