{"id":144308,"date":"2022-03-30T08:23:00","date_gmt":"2022-03-30T12:23:00","guid":{"rendered":"https:\/\/linitiative.ca\/International\/1750-beneficiaires-de-la-caravane-medicale-multidisciplinaire-au-gouvernorat-de-jendouba\/"},"modified":"2022-03-30T08:23:00","modified_gmt":"2022-03-30T12:23:00","slug":"1750-beneficiaires-de-la-caravane-medicale-multidisciplinaire-au-gouvernorat-de-jendouba","status":"publish","type":"post","link":"https:\/\/linitiative.ca\/International\/1750-beneficiaires-de-la-caravane-medicale-multidisciplinaire-au-gouvernorat-de-jendouba\/","title":{"rendered":"1750 b\u00e9n\u00e9ficiaires de la caravane m\u00e9dicale multidisciplinaire au gouvernorat de Jendouba"},"content":{"rendered":"<div><img decoding=\"async\" src=\"https:\/\/linitiative.ca\/International\/wp-content\/uploads\/sites\/23\/2022\/03\/1648642135_article.jpg\" alt=\"1750 b\u00e9n\u00e9ficiaires de la caravane m\u00e9dicale multidisciplinaire au gouvernorat de Jendouba\" align=\"left\">Apr\u00e8s le franc succ\u00e8s qu\u2019a connu la caravane m\u00e9dicale organis\u00e9e en d\u00e9cembre 2021, l\u2019association One Day One Dream s\u2019est lanc\u00e9e le d\u00e9fi de reconduire cette exp\u00e9rience au profit des habitants du gouvernorat de Jendouba le 26 et 27 mars 2022.<br \/>\n25 m\u00e9decins b\u00e9n\u00e9voles exer\u00e7ant diff\u00e9rentes sp\u00e9cialit\u00e9s ont r\u00e9pondu pr\u00e9sent \u00e0 l\u2019appel lanc\u00e9 par l\u2019association One Day One Dream sous l\u2019\u00e9gide du minist\u00e8re de la Sant\u00e9.<br \/>\nDeux jours durant lesquels les docteurs b\u00e9n\u00e9voles ont r\u00e9ussi \u00e0 ausculter 1750 personnes.\u00a0 De la cardiologie \u00e0 la dermatologie, l\u2019ophtalmologie, l\u2019orthop\u00e9die, la radiologie ou encore les maladies psychiatriques pour les enfants, toutes ces &#8230;<\/p>\n<\/div>\n<p>Auteur:<br \/>\n<a href=\"https:\/\/www.leaders.com.tn\/article\/33153-1750-beneficiaires-de-la-caravane-medicale-multidisciplinaire-au-gouvernorat-de-jendouba\">Cliquez ici pour lire l&rsquo;article depuis sa source.<\/a><\/p>\n","protected":false},"excerpt":{"rendered":"<p>Apr\u00e8s le franc succ\u00e8s qu\u2019a connu la caravane m\u00e9dicale organis\u00e9e en d\u00e9cembre 2021, l\u2019association One Day One Dream s\u2019est lanc\u00e9e le d\u00e9fi de reconduire cette exp\u00e9rience au profit des habitants du gouvernorat de Jendouba le 26 et 27 mars 2022. 25 m\u00e9decins b\u00e9n\u00e9voles exer\u00e7ant diff\u00e9rentes sp\u00e9cialit\u00e9s ont r\u00e9pondu pr\u00e9sent \u00e0 l\u2019appel lanc\u00e9 par l\u2019association One [&hellip;]<\/p>\n","protected":false},"author":1772,"featured_media":0,"comment_status":"closed","ping_status":"closed","sticky":false,"template":"","format":"standard","meta":{"fifu_image_url":"http:\/\/www.leaders.com.tn\/uploads\/content\/thumbnails_small\/1648642135_article.jpg","fifu_image_alt":"1750 b\u00e9n\u00e9ficiaires de la caravane m\u00e9dicale multidisciplinaire au gouvernorat de Jendouba","footnotes":""},"categories":[73,55],"tags":[],"class_list":["post-144308","post","type-post","status-publish","format-standard","hentry","category-actualite","category-tunisie"],"_links":{"self":[{"href":"https:\/\/linitiative.ca\/International\/wp-json\/wp\/v2\/posts\/144308","targetHints":{"allow":["GET"]}}],"collection":[{"href":"https:\/\/linitiative.ca\/International\/wp-json\/wp\/v2\/posts"}],"about":[{"href":"https:\/\/linitiative.ca\/International\/wp-json\/wp\/v2\/types\/post"}],"author":[{"embeddable":true,"href":"https:\/\/linitiative.ca\/International\/wp-json\/wp\/v2\/users\/1772"}],"replies":[{"embeddable":true,"href":"https:\/\/linitiative.ca\/International\/wp-json\/wp\/v2\/comments?post=144308"}],"version-history":[{"count":0,"href":"https:\/\/linitiative.ca\/International\/wp-json\/wp\/v2\/posts\/144308\/revisions"}],"wp:attachment":[{"href":"https:\/\/linitiative.ca\/International\/wp-json\/wp\/v2\/media?parent=144308"}],"wp:term":[{"taxonomy":"category","embeddable":true,"href":"https:\/\/linitiative.ca\/International\/wp-json\/wp\/v2\/categories?post=144308"},{"taxonomy":"post_tag","embeddable":true,"href":"https:\/\/linitiative.ca\/International\/wp-json\/wp\/v2\/tags?post=144308"}],"curies":[{"name":"wp","href":"https:\/\/api.w.org\/{rel}","templated":true}]}}