{"id":144312,"date":"2022-03-30T12:37:00","date_gmt":"2022-03-30T16:37:00","guid":{"rendered":"https:\/\/linitiative.ca\/International\/la-bct-appelle-a-lextreme-vigilance-vis-a-vis-des-retombees-de-la-crise-russo-ukrainiennes-sur-les-equilibres-macroeconomiques-globaux-sur-le-plan-national\/"},"modified":"2022-03-30T12:37:00","modified_gmt":"2022-03-30T16:37:00","slug":"la-bct-appelle-a-lextreme-vigilance-vis-a-vis-des-retombees-de-la-crise-russo-ukrainiennes-sur-les-equilibres-macroeconomiques-globaux-sur-le-plan-national","status":"publish","type":"post","link":"https:\/\/linitiative.ca\/International\/la-bct-appelle-a-lextreme-vigilance-vis-a-vis-des-retombees-de-la-crise-russo-ukrainiennes-sur-les-equilibres-macroeconomiques-globaux-sur-le-plan-national\/","title":{"rendered":"La BCT appelle \u00e0 l&rsquo;extr\u00eame vigilance vis-\u00e0-vis des retomb\u00e9es de la crise russo-ukrainiennes sur les \u00e9quilibres macro\u00e9conomiques globaux sur le plan national"},"content":{"rendered":"<div><img decoding=\"async\" src=\"https:\/\/linitiative.ca\/International\/wp-content\/uploads\/sites\/23\/2022\/03\/1648657759_article.jpg\" alt=\" La BCT appelle \u00e0 l\" extr vigilance vis- des retomb de la crise russo-ukrainiennes sur les macro globaux align=\"left\">Lors de sa r\u00e9union tenue le 30 mars 2022, le Conseil d\u2019Administration a examin\u00e9 les derni\u00e8res \u00e9volutions \u00e9conomiques et financi\u00e8res et a d\u00e9cid\u00e9 de maintenir le taux directeur de la Banque Centrale de Tunisie inchang\u00e9 \u00e0 6,25%.<br \/>\nLe Conseil d\u2019Administration de la Banque Centrale de Tunisie a tenu sa r\u00e9union p\u00e9riodique le 30 mars 2022 et a pass\u00e9 en revue les d\u00e9veloppements \u00e9conomiques et financiers r\u00e9cents.<br \/>\nSur le plan international, et apr\u00e8s le redressement enregistr\u00e9 en d\u00e9but d\u2019ann\u00e9e, l\u2019activit\u00e9 \u00e9conomique mondiale devrait se ressentir des retomb\u00e9es de la crise russo-ukrainienne. Les r\u00e9centes projections macro\u00e9conomiques de la Banque Centrale Europ\u00e9enne ont &#8230;<\/p>\n<\/div>\n<p>Auteur:<br \/>\n<a href=\"https:\/\/www.leaders.com.tn\/article\/33156-la-bct-appelle-a-l-extreme-vigilance-vis-a-vis-des-retombees-de-la-crise-russo-ukrainiennes-sur-les-equilibres-macroeconomiques-globaux\">Cliquez ici pour lire l&rsquo;article depuis sa source.<\/a><\/p>\n","protected":false},"excerpt":{"rendered":"<p>Lors de sa r\u00e9union tenue le 30 mars 2022, le Conseil d\u2019Administration a examin\u00e9 les derni\u00e8res \u00e9volutions \u00e9conomiques et financi\u00e8res et a d\u00e9cid\u00e9 de maintenir le taux directeur de la Banque Centrale de Tunisie inchang\u00e9 \u00e0 6,25%. Le Conseil d\u2019Administration de la Banque Centrale de Tunisie a tenu sa r\u00e9union p\u00e9riodique le 30 mars 2022 [&hellip;]<\/p>\n","protected":false},"author":1772,"featured_media":0,"comment_status":"closed","ping_status":"closed","sticky":false,"template":"","format":"standard","meta":{"fifu_image_url":"http:\/\/www.leaders.com.tn\/uploads\/content\/thumbnails_small\/1648657759_article.jpg","fifu_image_alt":"<div>La BCT appelle \u00e0 l'extr\u00eame vigilance vis-\u00e0-vis des retomb\u00e9es de la crise russo-ukrainiennes sur les \u00e9quilibres macro\u00e9conomiques globaux sur le plan national<\/div>","footnotes":""},"categories":[73,55],"tags":[],"class_list":["post-144312","post","type-post","status-publish","format-standard","hentry","category-actualite","category-tunisie"],"_links":{"self":[{"href":"https:\/\/linitiative.ca\/International\/wp-json\/wp\/v2\/posts\/144312","targetHints":{"allow":["GET"]}}],"collection":[{"href":"https:\/\/linitiative.ca\/International\/wp-json\/wp\/v2\/posts"}],"about":[{"href":"https:\/\/linitiative.ca\/International\/wp-json\/wp\/v2\/types\/post"}],"author":[{"embeddable":true,"href":"https:\/\/linitiative.ca\/International\/wp-json\/wp\/v2\/users\/1772"}],"replies":[{"embeddable":true,"href":"https:\/\/linitiative.ca\/International\/wp-json\/wp\/v2\/comments?post=144312"}],"version-history":[{"count":0,"href":"https:\/\/linitiative.ca\/International\/wp-json\/wp\/v2\/posts\/144312\/revisions"}],"wp:attachment":[{"href":"https:\/\/linitiative.ca\/International\/wp-json\/wp\/v2\/media?parent=144312"}],"wp:term":[{"taxonomy":"category","embeddable":true,"href":"https:\/\/linitiative.ca\/International\/wp-json\/wp\/v2\/categories?post=144312"},{"taxonomy":"post_tag","embeddable":true,"href":"https:\/\/linitiative.ca\/International\/wp-json\/wp\/v2\/tags?post=144312"}],"curies":[{"name":"wp","href":"https:\/\/api.w.org\/{rel}","templated":true}]}}