{"id":144314,"date":"2022-03-30T17:05:01","date_gmt":"2022-03-30T21:05:01","guid":{"rendered":"https:\/\/linitiative.ca\/International\/pourquoi-kais-saied-a-active-larticle-72-de-la-constitution-pour-dissoudre-le-parlement\/"},"modified":"2022-03-30T17:05:01","modified_gmt":"2022-03-30T21:05:01","slug":"pourquoi-kais-saied-a-active-larticle-72-de-la-constitution-pour-dissoudre-le-parlement","status":"publish","type":"post","link":"https:\/\/linitiative.ca\/International\/pourquoi-kais-saied-a-active-larticle-72-de-la-constitution-pour-dissoudre-le-parlement\/","title":{"rendered":"Pourquoi Kais Sa\u00efed a activ\u00e9 l\u2019article 72 de la Constitution pour dissoudre le parlement"},"content":{"rendered":"<div><img decoding=\"async\" src=\"https:\/\/linitiative.ca\/International\/wp-content\/uploads\/sites\/23\/2022\/03\/1648673389_article.jpg\" alt=\"Pourquoi Kais Sa\u00efed a activ\u00e9 l\u2019article 72 de la Constitution pour dissoudre le parlement\" align=\"left\">Coup d\u2019acc\u00e9l\u00e9rateur significatif du processus politique en Tunisie. La riposte aux parlementaires qui ont brav\u00e9 la supension de leurs travaux, n\u2019a pas tard\u00e9\u00a0! L\u2019article 72 de la Constitution, donnant au chef de l\u2019Etat la plus grande l\u00e9gitimit\u00e9 est activ\u00e9 et le parlement dissous. Quelques heures seulement apr\u00e8s la r\u00e9union \u00e0 distance, mercredi apr\u00e8s-midi, de l\u2019Assembl\u00e9e des repr\u00e9sentants du peuple (ARP), et le vote en s\u00e9ance pl\u00e9ni\u00e8re d\u2019une proposition de loi abrogeant tous les d\u00e9crets et d\u00e9crets lois pris par le pr\u00e9sident Kais Sa\u00efed, depuis le 25 juillet, le pr\u00e9sident de la R\u00e9publique n\u2019a pas tard\u00e9 \u00e0 prononcer la dissolution de l\u2019ARP. R\u00e9unissant en &#8230;<\/p>\n<\/div>\n<p>Auteur:<br \/>\n<a href=\"https:\/\/www.leaders.com.tn\/article\/33157-pourquoi-kais-saied-a-active-l-article-72-de-la-constitution-pour-dissoudre-le-parlement\">Cliquez ici pour lire l&rsquo;article depuis sa source.<\/a><\/p>\n","protected":false},"excerpt":{"rendered":"<p>Coup d\u2019acc\u00e9l\u00e9rateur significatif du processus politique en Tunisie. La riposte aux parlementaires qui ont brav\u00e9 la supension de leurs travaux, n\u2019a pas tard\u00e9\u00a0! L\u2019article 72 de la Constitution, donnant au chef de l\u2019Etat la plus grande l\u00e9gitimit\u00e9 est activ\u00e9 et le parlement dissous. Quelques heures seulement apr\u00e8s la r\u00e9union \u00e0 distance, mercredi apr\u00e8s-midi, de l\u2019Assembl\u00e9e [&hellip;]<\/p>\n","protected":false},"author":1772,"featured_media":0,"comment_status":"closed","ping_status":"closed","sticky":false,"template":"","format":"standard","meta":{"fifu_image_url":"http:\/\/www.leaders.com.tn\/uploads\/content\/thumbnails_small\/1648673389_article.jpg","fifu_image_alt":"Pourquoi Kais Sa\u00efed a activ\u00e9 l\u2019article 72 de la Constitution pour dissoudre le parlement","footnotes":""},"categories":[73,55],"tags":[],"class_list":["post-144314","post","type-post","status-publish","format-standard","hentry","category-actualite","category-tunisie"],"_links":{"self":[{"href":"https:\/\/linitiative.ca\/International\/wp-json\/wp\/v2\/posts\/144314","targetHints":{"allow":["GET"]}}],"collection":[{"href":"https:\/\/linitiative.ca\/International\/wp-json\/wp\/v2\/posts"}],"about":[{"href":"https:\/\/linitiative.ca\/International\/wp-json\/wp\/v2\/types\/post"}],"author":[{"embeddable":true,"href":"https:\/\/linitiative.ca\/International\/wp-json\/wp\/v2\/users\/1772"}],"replies":[{"embeddable":true,"href":"https:\/\/linitiative.ca\/International\/wp-json\/wp\/v2\/comments?post=144314"}],"version-history":[{"count":0,"href":"https:\/\/linitiative.ca\/International\/wp-json\/wp\/v2\/posts\/144314\/revisions"}],"wp:attachment":[{"href":"https:\/\/linitiative.ca\/International\/wp-json\/wp\/v2\/media?parent=144314"}],"wp:term":[{"taxonomy":"category","embeddable":true,"href":"https:\/\/linitiative.ca\/International\/wp-json\/wp\/v2\/categories?post=144314"},{"taxonomy":"post_tag","embeddable":true,"href":"https:\/\/linitiative.ca\/International\/wp-json\/wp\/v2\/tags?post=144314"}],"curies":[{"name":"wp","href":"https:\/\/api.w.org\/{rel}","templated":true}]}}