{"id":144316,"date":"2022-03-30T09:39:58","date_gmt":"2022-03-30T13:39:58","guid":{"rendered":"https:\/\/linitiative.ca\/International\/ryanair-lance-19-nouvelles-destinations-reliant-agadir-a-dix-pays-europeens-pour-lete-2022\/"},"modified":"2022-03-30T09:39:58","modified_gmt":"2022-03-30T13:39:58","slug":"ryanair-lance-19-nouvelles-destinations-reliant-agadir-a-dix-pays-europeens-pour-lete-2022","status":"publish","type":"post","link":"https:\/\/linitiative.ca\/International\/ryanair-lance-19-nouvelles-destinations-reliant-agadir-a-dix-pays-europeens-pour-lete-2022\/","title":{"rendered":"Ryanair lance 19 nouvelles destinations reliant Agadir \u00e0 dix pays europ\u00e9ens pour l\u2019\u00e9t\u00e9 2022"},"content":{"rendered":"<div><img decoding=\"async\" width=\"1190\" height=\"669\" src=\"https:\/\/linitiative.ca\/International\/wp-content\/uploads\/sites\/23\/2022\/03\/Ryanair-19.jpg\" class=\"attachment-post-thumbnail size-post-thumbnail wp-post-image\" alt=\"\" loading=\"lazy\" srcset=\"https:\/\/linitiative.ca\/International\/wp-content\/uploads\/sites\/23\/2022\/03\/Ryanair-19.jpg 1190w, https:\/\/www.challenge.ma\/wp-content\/uploads\/2019\/02\/Ryanair-19-300x169.jpg 300w, https:\/\/www.challenge.ma\/wp-content\/uploads\/2019\/02\/Ryanair-19-768x432.jpg 768w, https:\/\/www.challenge.ma\/wp-content\/uploads\/2019\/02\/Ryanair-19-1024x576.jpg 1024w, https:\/\/www.challenge.ma\/wp-content\/uploads\/2019\/02\/Ryanair-19-360x202.jpg 360w, https:\/\/www.challenge.ma\/wp-content\/uploads\/2019\/02\/Ryanair-19-750x422.jpg 750w\" sizes=\"auto, (max-width: 1190px) 100vw, 1190px\" itemprop=\"image\">La compagnie a\u00e9rienne Ryanair a annonc\u00e9 mardi 29 mars, le d\u00e9but des op\u00e9rations de sa nouvelle base \u00e0 Agadir avec deux avions et 19 nouvelles destinations reliant Agadir \u00e0 dix pays europ\u00e9ens pour l\u2019\u00e9t\u00e9 2022, qui viennent s\u2019ajouter aux 9 destinations d\u00e9j\u00e0 desservies, portant ainsi le total \u00e0 28 destinations.<\/div>\n<p>Auteur: Mehdi Ouazzani<br \/>\n<a href=\"https:\/\/www.challenge.ma\/ryanair-lance-19-nouvelles-destinations-reliant-agadir-a-dix-pays-europeens-pour-lete-2022-235758\/\">Cliquez ici pour lire l&rsquo;article depuis sa source.<\/a><\/p>\n","protected":false},"excerpt":{"rendered":"<p>La compagnie a\u00e9rienne Ryanair a annonc\u00e9 mardi 29 mars, le d\u00e9but des op\u00e9rations de sa nouvelle base \u00e0 Agadir avec deux avions et 19 nouvelles destinations reliant Agadir \u00e0 dix pays europ\u00e9ens pour l\u2019\u00e9t\u00e9 2022, qui viennent s\u2019ajouter aux 9 destinations d\u00e9j\u00e0 desservies, portant ainsi le total \u00e0 28 destinations. Auteur: Mehdi Ouazzani Cliquez ici [&hellip;]<\/p>\n","protected":false},"author":1787,"featured_media":0,"comment_status":"closed","ping_status":"closed","sticky":false,"template":"","format":"standard","meta":{"fifu_image_url":"https:\/\/www.challenge.ma\/wp-content\/uploads\/2019\/02\/Ryanair-19.jpg","fifu_image_alt":"Ryanair lance 19 nouvelles destinations reliant Agadir \u00e0 dix pays europ\u00e9ens pour l\u2019\u00e9t\u00e9 2022","footnotes":""},"categories":[78,54],"tags":[],"class_list":["post-144316","post","type-post","status-publish","format-standard","hentry","category-economie","category-maroc"],"_links":{"self":[{"href":"https:\/\/linitiative.ca\/International\/wp-json\/wp\/v2\/posts\/144316","targetHints":{"allow":["GET"]}}],"collection":[{"href":"https:\/\/linitiative.ca\/International\/wp-json\/wp\/v2\/posts"}],"about":[{"href":"https:\/\/linitiative.ca\/International\/wp-json\/wp\/v2\/types\/post"}],"author":[{"embeddable":true,"href":"https:\/\/linitiative.ca\/International\/wp-json\/wp\/v2\/users\/1787"}],"replies":[{"embeddable":true,"href":"https:\/\/linitiative.ca\/International\/wp-json\/wp\/v2\/comments?post=144316"}],"version-history":[{"count":0,"href":"https:\/\/linitiative.ca\/International\/wp-json\/wp\/v2\/posts\/144316\/revisions"}],"wp:attachment":[{"href":"https:\/\/linitiative.ca\/International\/wp-json\/wp\/v2\/media?parent=144316"}],"wp:term":[{"taxonomy":"category","embeddable":true,"href":"https:\/\/linitiative.ca\/International\/wp-json\/wp\/v2\/categories?post=144316"},{"taxonomy":"post_tag","embeddable":true,"href":"https:\/\/linitiative.ca\/International\/wp-json\/wp\/v2\/tags?post=144316"}],"curies":[{"name":"wp","href":"https:\/\/api.w.org\/{rel}","templated":true}]}}