{"id":144324,"date":"2022-03-30T16:11:00","date_gmt":"2022-03-30T20:11:00","guid":{"rendered":"https:\/\/linitiative.ca\/International\/anthony-blinken-nous-voyons-dans-le-plan-dautonomie-du-maroc-un-plan-credible-serieux-et-realiste\/"},"modified":"2022-03-30T16:11:00","modified_gmt":"2022-03-30T20:11:00","slug":"anthony-blinken-nous-voyons-dans-le-plan-dautonomie-du-maroc-un-plan-credible-serieux-et-realiste","status":"publish","type":"post","link":"https:\/\/linitiative.ca\/International\/anthony-blinken-nous-voyons-dans-le-plan-dautonomie-du-maroc-un-plan-credible-serieux-et-realiste\/","title":{"rendered":"Anthony Blinken\u00a0: \u00ab\u00a0Nous voyons dans le plan d\u2019autonomie du Maroc un plan cr\u00e9dible, s\u00e9rieux, et r\u00e9aliste\u00a0\u00bb"},"content":{"rendered":"<div><img decoding=\"async\" width=\"752\" height=\"440\" src=\"https:\/\/linitiative.ca\/International\/wp-content\/uploads\/sites\/23\/2022\/03\/ant.jpeg\" class=\"attachment-post-thumbnail size-post-thumbnail wp-post-image\" alt=\"\" loading=\"lazy\" srcset=\"https:\/\/linitiative.ca\/International\/wp-content\/uploads\/sites\/23\/2022\/03\/ant.jpeg 752w, https:\/\/www.challenge.ma\/wp-content\/uploads\/2022\/03\/ant-300x176.jpeg 300w, https:\/\/www.challenge.ma\/wp-content\/uploads\/2022\/03\/ant-360x211.jpeg 360w, https:\/\/www.challenge.ma\/wp-content\/uploads\/2022\/03\/ant-750x439.jpeg 750w\" sizes=\"auto, (max-width: 752px) 100vw, 752px\" itemprop=\"image\">Selon le Secr\u00e9taire d\u2019\u00c9tat am\u00e9ricain, Antony Blinken, l\u2019initiative d\u2019autonomie propos\u00e9e par le Maroc pour mettre fin au conflit autour du Sahara se veut une approche qui r\u00e9pond aux besoins et aspirations des populations du Sahara.\u00ab\u00a0Nous voyons dans le plan d\u2019autonomie du Maroc un plan cr\u00e9dible, s\u00e9rieux, et r\u00e9aliste. C\u2019est une<\/div>\n<p>Auteur: Roland Amoussou<br \/>\n<a href=\"https:\/\/www.challenge.ma\/anthony-blinken-nous-voyons-dans-le-plan-dautonomie-du-maroc-un-plan-credible-serieux-et-realiste-235785\/\">Cliquez ici pour lire l&rsquo;article depuis sa source.<\/a><\/p>\n","protected":false},"excerpt":{"rendered":"<p>Selon le Secr\u00e9taire d\u2019\u00c9tat am\u00e9ricain, Antony Blinken, l\u2019initiative d\u2019autonomie propos\u00e9e par le Maroc pour mettre fin au conflit autour du Sahara se veut une approche qui r\u00e9pond aux besoins et aspirations des populations du Sahara.\u00ab\u00a0Nous voyons dans le plan d\u2019autonomie du Maroc un plan cr\u00e9dible, s\u00e9rieux, et r\u00e9aliste. C\u2019est une Auteur: Roland Amoussou Cliquez ici [&hellip;]<\/p>\n","protected":false},"author":1787,"featured_media":0,"comment_status":"closed","ping_status":"closed","sticky":false,"template":"","format":"standard","meta":{"fifu_image_url":"https:\/\/www.challenge.ma\/wp-content\/uploads\/2022\/03\/ant.jpeg","fifu_image_alt":"Anthony Blinken\u00a0: \u00ab\u00a0Nous voyons dans le plan d\u2019autonomie du Maroc un plan cr\u00e9dible, s\u00e9rieux, et r\u00e9aliste\u00a0\u00bb","footnotes":""},"categories":[78,54],"tags":[],"class_list":["post-144324","post","type-post","status-publish","format-standard","hentry","category-economie","category-maroc"],"_links":{"self":[{"href":"https:\/\/linitiative.ca\/International\/wp-json\/wp\/v2\/posts\/144324","targetHints":{"allow":["GET"]}}],"collection":[{"href":"https:\/\/linitiative.ca\/International\/wp-json\/wp\/v2\/posts"}],"about":[{"href":"https:\/\/linitiative.ca\/International\/wp-json\/wp\/v2\/types\/post"}],"author":[{"embeddable":true,"href":"https:\/\/linitiative.ca\/International\/wp-json\/wp\/v2\/users\/1787"}],"replies":[{"embeddable":true,"href":"https:\/\/linitiative.ca\/International\/wp-json\/wp\/v2\/comments?post=144324"}],"version-history":[{"count":0,"href":"https:\/\/linitiative.ca\/International\/wp-json\/wp\/v2\/posts\/144324\/revisions"}],"wp:attachment":[{"href":"https:\/\/linitiative.ca\/International\/wp-json\/wp\/v2\/media?parent=144324"}],"wp:term":[{"taxonomy":"category","embeddable":true,"href":"https:\/\/linitiative.ca\/International\/wp-json\/wp\/v2\/categories?post=144324"},{"taxonomy":"post_tag","embeddable":true,"href":"https:\/\/linitiative.ca\/International\/wp-json\/wp\/v2\/tags?post=144324"}],"curies":[{"name":"wp","href":"https:\/\/api.w.org\/{rel}","templated":true}]}}