{"id":144327,"date":"2022-03-30T16:38:25","date_gmt":"2022-03-30T20:38:25","guid":{"rendered":"https:\/\/linitiative.ca\/International\/tunisie-abdelatif-aloui-ils-rodent-autour-de-la-maison-je-tiens-saied-et-le-ministre-de-linterieur-pour-responsables\/"},"modified":"2022-03-30T16:38:25","modified_gmt":"2022-03-30T20:38:25","slug":"tunisie-abdelatif-aloui-ils-rodent-autour-de-la-maison-je-tiens-saied-et-le-ministre-de-linterieur-pour-responsables","status":"publish","type":"post","link":"https:\/\/linitiative.ca\/International\/tunisie-abdelatif-aloui-ils-rodent-autour-de-la-maison-je-tiens-saied-et-le-ministre-de-linterieur-pour-responsables\/","title":{"rendered":"Tunisie-Abdelatif Aloui : \u201cIls r\u00f4dent autour de la maison\u2026 Je tiens Saied et le ministre de l\u2019Int\u00e9rieur pour responsables \u2026\u201d"},"content":{"rendered":"<div>\n<p>Le d\u00e9put\u00e9 gel\u00e9, Abdelatif Aloui, a d\u00e9clar\u00e9 dans un post publi\u00e9 sur sa page ce mercredi soir 30 mars 2022, qu\u2019 \u00ab Ils r\u00f4dent autour de la maison \u00bb. \u00ab\u00a0Je tiens le Pr\u00e9sident de la R\u00e9publique et son Ministre de l\u2019Int\u00e9rieur directement responsables quant \u00e0 la protection de mon int\u00e9grit\u00e9 physique et celle de ma [\u2026]<\/p>\n<p>L\u2019article <a href=\"https:\/\/www.tunisienumerique.com\/tunisie-abdelatif-aloui-ils-rodent-autour-de-la-maison-je-tiens-saied-et-le-ministre-de-linterieur-pour-responsables\/\">Tunisie-Abdelatif Aloui : \u201cIls r\u00f4dent autour de la maison\u2026 Je tiens Saied et le ministre de l\u2019Int\u00e9rieur pour responsables \u2026\u201d<\/a> est apparu en premier sur <a href=\"https:\/\/www.tunisienumerique.com\/\">Tunisie<\/a>.<\/p>\n<\/div>\n<p>Auteur: rania ben slimane<br \/>\n<a href=\"https:\/\/www.tunisienumerique.com\/tunisie-abdelatif-aloui-ils-rodent-autour-de-la-maison-je-tiens-saied-et-le-ministre-de-linterieur-pour-responsables\/\">Cliquez ici pour lire l&rsquo;article depuis sa source.<\/a><\/p>\n","protected":false},"excerpt":{"rendered":"<p>Le d\u00e9put\u00e9 gel\u00e9, Abdelatif Aloui, a d\u00e9clar\u00e9 dans un post publi\u00e9 sur sa page ce mercredi soir 30 mars 2022, qu\u2019 \u00ab Ils r\u00f4dent autour de la maison \u00bb. \u00ab\u00a0Je tiens le Pr\u00e9sident de la R\u00e9publique et son Ministre de l\u2019Int\u00e9rieur directement responsables quant \u00e0 la protection de mon int\u00e9grit\u00e9 physique et celle de ma [&hellip;]<\/p>\n","protected":false},"author":1789,"featured_media":0,"comment_status":"closed","ping_status":"closed","sticky":false,"template":"","format":"standard","meta":{"fifu_image_url":"","fifu_image_alt":"","footnotes":""},"categories":[73,55],"tags":[],"class_list":["post-144327","post","type-post","status-publish","format-standard","hentry","category-actualite","category-tunisie"],"_links":{"self":[{"href":"https:\/\/linitiative.ca\/International\/wp-json\/wp\/v2\/posts\/144327","targetHints":{"allow":["GET"]}}],"collection":[{"href":"https:\/\/linitiative.ca\/International\/wp-json\/wp\/v2\/posts"}],"about":[{"href":"https:\/\/linitiative.ca\/International\/wp-json\/wp\/v2\/types\/post"}],"author":[{"embeddable":true,"href":"https:\/\/linitiative.ca\/International\/wp-json\/wp\/v2\/users\/1789"}],"replies":[{"embeddable":true,"href":"https:\/\/linitiative.ca\/International\/wp-json\/wp\/v2\/comments?post=144327"}],"version-history":[{"count":0,"href":"https:\/\/linitiative.ca\/International\/wp-json\/wp\/v2\/posts\/144327\/revisions"}],"wp:attachment":[{"href":"https:\/\/linitiative.ca\/International\/wp-json\/wp\/v2\/media?parent=144327"}],"wp:term":[{"taxonomy":"category","embeddable":true,"href":"https:\/\/linitiative.ca\/International\/wp-json\/wp\/v2\/categories?post=144327"},{"taxonomy":"post_tag","embeddable":true,"href":"https:\/\/linitiative.ca\/International\/wp-json\/wp\/v2\/tags?post=144327"}],"curies":[{"name":"wp","href":"https:\/\/api.w.org\/{rel}","templated":true}]}}