{"id":144329,"date":"2022-03-30T16:56:55","date_gmt":"2022-03-30T20:56:55","guid":{"rendered":"https:\/\/linitiative.ca\/International\/tunisie-demantelement-dune-cellule-de-soutien-aux-terroristes-dans-les-montagnes-de-kasserine\/"},"modified":"2022-03-30T16:56:55","modified_gmt":"2022-03-30T20:56:55","slug":"tunisie-demantelement-dune-cellule-de-soutien-aux-terroristes-dans-les-montagnes-de-kasserine","status":"publish","type":"post","link":"https:\/\/linitiative.ca\/International\/tunisie-demantelement-dune-cellule-de-soutien-aux-terroristes-dans-les-montagnes-de-kasserine\/","title":{"rendered":"Tunisie : D\u00e9mant\u00e8lement d\u2019une cellule de soutien aux terroristes dans les montagnes de Kasserine"},"content":{"rendered":"<div>\n<p>Le minist\u00e8re de l\u2019Int\u00e9rieur a annonc\u00e9 mercredi dans un communiqu\u00e9 que les services de l\u2019Unit\u00e9 nationale d\u2019enqu\u00eate sur les crimes terroristes de la Direction G\u00e9n\u00e9rale des services sp\u00e9ciaux de la s\u00e9curit\u00e9 nationale, ont d\u00e9couvert et d\u00e9mantel\u00e9, au cours des derniers jours, une cellule de soutien dans la r\u00e9gion de Kasserine. Cette cellule est charg\u00e9e de [\u2026]<\/p>\n<p>L\u2019article <a href=\"https:\/\/www.tunisienumerique.com\/tunisie-demantelement-dune-cellule-de-soutien-aux-terroristes-dans-les-montagnes-de-kasserine\/\">Tunisie : D\u00e9mant\u00e8lement d\u2019une cellule de soutien aux terroristes dans les montagnes de Kasserine<\/a> est apparu en premier sur <a href=\"https:\/\/www.tunisienumerique.com\/\">Tunisie<\/a>.<\/p>\n<\/div>\n<p>Auteur: rania ben slimane<br \/>\n<a href=\"https:\/\/www.tunisienumerique.com\/tunisie-demantelement-dune-cellule-de-soutien-aux-terroristes-dans-les-montagnes-de-kasserine\/\">Cliquez ici pour lire l&rsquo;article depuis sa source.<\/a><\/p>\n","protected":false},"excerpt":{"rendered":"<p>Le minist\u00e8re de l\u2019Int\u00e9rieur a annonc\u00e9 mercredi dans un communiqu\u00e9 que les services de l\u2019Unit\u00e9 nationale d\u2019enqu\u00eate sur les crimes terroristes de la Direction G\u00e9n\u00e9rale des services sp\u00e9ciaux de la s\u00e9curit\u00e9 nationale, ont d\u00e9couvert et d\u00e9mantel\u00e9, au cours des derniers jours, une cellule de soutien dans la r\u00e9gion de Kasserine. Cette cellule est charg\u00e9e de [&hellip;]<\/p>\n","protected":false},"author":1789,"featured_media":0,"comment_status":"closed","ping_status":"closed","sticky":false,"template":"","format":"standard","meta":{"fifu_image_url":"","fifu_image_alt":"","footnotes":""},"categories":[73,55],"tags":[],"class_list":["post-144329","post","type-post","status-publish","format-standard","hentry","category-actualite","category-tunisie"],"_links":{"self":[{"href":"https:\/\/linitiative.ca\/International\/wp-json\/wp\/v2\/posts\/144329","targetHints":{"allow":["GET"]}}],"collection":[{"href":"https:\/\/linitiative.ca\/International\/wp-json\/wp\/v2\/posts"}],"about":[{"href":"https:\/\/linitiative.ca\/International\/wp-json\/wp\/v2\/types\/post"}],"author":[{"embeddable":true,"href":"https:\/\/linitiative.ca\/International\/wp-json\/wp\/v2\/users\/1789"}],"replies":[{"embeddable":true,"href":"https:\/\/linitiative.ca\/International\/wp-json\/wp\/v2\/comments?post=144329"}],"version-history":[{"count":0,"href":"https:\/\/linitiative.ca\/International\/wp-json\/wp\/v2\/posts\/144329\/revisions"}],"wp:attachment":[{"href":"https:\/\/linitiative.ca\/International\/wp-json\/wp\/v2\/media?parent=144329"}],"wp:term":[{"taxonomy":"category","embeddable":true,"href":"https:\/\/linitiative.ca\/International\/wp-json\/wp\/v2\/categories?post=144329"},{"taxonomy":"post_tag","embeddable":true,"href":"https:\/\/linitiative.ca\/International\/wp-json\/wp\/v2\/tags?post=144329"}],"curies":[{"name":"wp","href":"https:\/\/api.w.org\/{rel}","templated":true}]}}