{"id":144331,"date":"2022-03-30T15:55:40","date_gmt":"2022-03-30T19:55:40","guid":{"rendered":"https:\/\/linitiative.ca\/International\/la-semaines-de-raogo\/"},"modified":"2022-03-30T15:55:40","modified_gmt":"2022-03-30T19:55:40","slug":"la-semaines-de-raogo","status":"publish","type":"post","link":"https:\/\/linitiative.ca\/International\/la-semaines-de-raogo\/","title":{"rendered":"LA SEMAINES DE RAOGO"},"content":{"rendered":"<div>\n<p><img decoding=\"async\" width=\"1137\" height=\"636\" src=\"https:\/\/linitiative.ca\/International\/wp-content\/uploads\/sites\/23\/2022\/03\/lepaysresponsive-1.png\" class=\"attachment- default-featured-img\" alt=\"\" loading=\"lazy\" srcset=\"https:\/\/linitiative.ca\/International\/wp-content\/uploads\/sites\/23\/2022\/03\/lepaysresponsive-1.png 1137w, https:\/\/lepays.bf\/wp-content\/uploads\/2017\/07\/lepaysresponsive-300x168.png 300w, https:\/\/lepays.bf\/wp-content\/uploads\/2017\/07\/lepaysresponsive-768x430.png 768w, https:\/\/lepays.bf\/wp-content\/uploads\/2017\/07\/lepaysresponsive-1024x573.png 1024w\" sizes=\"auto, (max-width: 1137px) 100vw, 1137px\">\u00a0 \u00a0 COUP DE C\u0152UR \u00a0 Lib\u00e9ration de deux otages\u00a0: Bravo aux FDS\u00a0! \u00a0 Deux infirmiers, enlev\u00e9s depuis le 17 d\u00e9cembre 2021, ont \u00e9t\u00e9 lib\u00e9r\u00e9s en d\u00e9but de semaine en cours par le d\u00e9tachement militaire de Markoye dans le Sahel. De quoi apporter du baume [\u2026]<\/p>\n<p>L\u2019article <a rel=\"nofollow\" href=\"https:\/\/lepays.bf\/la-semaines-de-raogo\/\">LA SEMAINES DE RAOGO<\/a> est apparu en premier sur <a rel=\"nofollow\" href=\"https:\/\/lepays.bf\/\">Editions Le Pays<\/a>.<\/p>\n<\/div>\n<p>Auteur: Editions LEPAYS<br \/>\n<a href=\"https:\/\/lepays.bf\/la-semaines-de-raogo\/\">Cliquez ici pour lire l&rsquo;article depuis sa source.<\/a><\/p>\n","protected":false},"excerpt":{"rendered":"<p>\u00a0 \u00a0 COUP DE C\u0152UR \u00a0 Lib\u00e9ration de deux otages\u00a0: Bravo aux FDS\u00a0! \u00a0 Deux infirmiers, enlev\u00e9s depuis le 17 d\u00e9cembre 2021, ont \u00e9t\u00e9 lib\u00e9r\u00e9s en d\u00e9but de semaine en cours par le d\u00e9tachement militaire de Markoye dans le Sahel. De quoi apporter du baume [\u2026] L\u2019article LA SEMAINES DE RAOGO est apparu en premier [&hellip;]<\/p>\n","protected":false},"author":1813,"featured_media":0,"comment_status":"closed","ping_status":"closed","sticky":false,"template":"","format":"standard","meta":{"fifu_image_url":"https:\/\/lepays.bf\/wp-content\/uploads\/2017\/07\/lepaysresponsive.png","fifu_image_alt":"LA SEMAINES DE RAOGO","footnotes":""},"categories":[73,81],"tags":[],"class_list":["post-144331","post","type-post","status-publish","format-standard","hentry","category-actualite","category-burkina-faso"],"_links":{"self":[{"href":"https:\/\/linitiative.ca\/International\/wp-json\/wp\/v2\/posts\/144331","targetHints":{"allow":["GET"]}}],"collection":[{"href":"https:\/\/linitiative.ca\/International\/wp-json\/wp\/v2\/posts"}],"about":[{"href":"https:\/\/linitiative.ca\/International\/wp-json\/wp\/v2\/types\/post"}],"author":[{"embeddable":true,"href":"https:\/\/linitiative.ca\/International\/wp-json\/wp\/v2\/users\/1813"}],"replies":[{"embeddable":true,"href":"https:\/\/linitiative.ca\/International\/wp-json\/wp\/v2\/comments?post=144331"}],"version-history":[{"count":0,"href":"https:\/\/linitiative.ca\/International\/wp-json\/wp\/v2\/posts\/144331\/revisions"}],"wp:attachment":[{"href":"https:\/\/linitiative.ca\/International\/wp-json\/wp\/v2\/media?parent=144331"}],"wp:term":[{"taxonomy":"category","embeddable":true,"href":"https:\/\/linitiative.ca\/International\/wp-json\/wp\/v2\/categories?post=144331"},{"taxonomy":"post_tag","embeddable":true,"href":"https:\/\/linitiative.ca\/International\/wp-json\/wp\/v2\/tags?post=144331"}],"curies":[{"name":"wp","href":"https:\/\/api.w.org\/{rel}","templated":true}]}}