{"id":144333,"date":"2022-03-30T15:59:20","date_gmt":"2022-03-30T19:59:20","guid":{"rendered":"https:\/\/linitiative.ca\/International\/la-cedeao-face-aux-coups-detat-la-strategie-du-baton-est-elle-payante\/"},"modified":"2022-03-30T15:59:20","modified_gmt":"2022-03-30T19:59:20","slug":"la-cedeao-face-aux-coups-detat-la-strategie-du-baton-est-elle-payante","status":"publish","type":"post","link":"https:\/\/linitiative.ca\/International\/la-cedeao-face-aux-coups-detat-la-strategie-du-baton-est-elle-payante\/","title":{"rendered":"LA CEDEAO FACE AUX COUPS D\u2019ETAT : La strat\u00e9gie du b\u00e2ton est-elle payante\u00a0?"},"content":{"rendered":"<div>\n<p><img decoding=\"async\" width=\"700\" height=\"394\" src=\"https:\/\/linitiative.ca\/International\/wp-content\/uploads\/sites\/23\/2022\/03\/CEDEAO-1.jpg\" class=\"attachment- size- wp-post-image\" alt=\"\" loading=\"lazy\" style=\"float:left; margin:0 15px 15px 0;\" srcset=\"https:\/\/linitiative.ca\/International\/wp-content\/uploads\/sites\/23\/2022\/03\/CEDEAO-1.jpg 700w, https:\/\/lepays.bf\/wp-content\/uploads\/2022\/03\/CEDEAO-1-300x169.jpg 300w, https:\/\/lepays.bf\/wp-content\/uploads\/2022\/03\/CEDEAO-1-150x84.jpg 150w\" sizes=\"auto, (max-width: 700px) 100vw, 700px\">Le dernier sommet des chefs d\u2019Etat de la Communaut\u00e9 \u00e9conomique des Etats de l\u2019Afrique de l\u2019Ouest (CEDEAO), tenu le 25 mars dernier \u00e0 Accra, a d\u00e9cid\u00e9 de maintenir la pression sur la junte au pouvoir au Mali en gardant en l\u2019\u00e9tat les sanctions politiques et [\u2026]<\/p>\n<p>L\u2019article <a rel=\"nofollow\" href=\"https:\/\/lepays.bf\/la-cedeao-face-aux-coups-detat-la-strategie-du-baton-est-elle-payante\/\">LA CEDEAO FACE AUX COUPS D\u2019ETAT : La strat\u00e9gie du b\u00e2ton est-elle payante\u00a0?<\/a> est apparu en premier sur <a rel=\"nofollow\" href=\"https:\/\/lepays.bf\/\">Editions Le Pays<\/a>.<\/p>\n<\/div>\n<p>Auteur: Editions LEPAYS<br \/>\n<a href=\"https:\/\/lepays.bf\/la-cedeao-face-aux-coups-detat-la-strategie-du-baton-est-elle-payante\/\">Cliquez ici pour lire l&rsquo;article depuis sa source.<\/a><\/p>\n","protected":false},"excerpt":{"rendered":"<p>Le dernier sommet des chefs d\u2019Etat de la Communaut\u00e9 \u00e9conomique des Etats de l\u2019Afrique de l\u2019Ouest (CEDEAO), tenu le 25 mars dernier \u00e0 Accra, a d\u00e9cid\u00e9 de maintenir la pression sur la junte au pouvoir au Mali en gardant en l\u2019\u00e9tat les sanctions politiques et [\u2026] L\u2019article LA CEDEAO FACE AUX COUPS D\u2019ETAT : La [&hellip;]<\/p>\n","protected":false},"author":1813,"featured_media":0,"comment_status":"closed","ping_status":"closed","sticky":false,"template":"","format":"standard","meta":{"fifu_image_url":"https:\/\/lepays.bf\/wp-content\/uploads\/2022\/03\/CEDEAO-1.jpg","fifu_image_alt":"LA CEDEAO FACE AUX COUPS D\u2019ETAT : La strat\u00e9gie du b\u00e2ton est-elle payante\u00a0?","footnotes":""},"categories":[73,81],"tags":[],"class_list":["post-144333","post","type-post","status-publish","format-standard","hentry","category-actualite","category-burkina-faso"],"_links":{"self":[{"href":"https:\/\/linitiative.ca\/International\/wp-json\/wp\/v2\/posts\/144333","targetHints":{"allow":["GET"]}}],"collection":[{"href":"https:\/\/linitiative.ca\/International\/wp-json\/wp\/v2\/posts"}],"about":[{"href":"https:\/\/linitiative.ca\/International\/wp-json\/wp\/v2\/types\/post"}],"author":[{"embeddable":true,"href":"https:\/\/linitiative.ca\/International\/wp-json\/wp\/v2\/users\/1813"}],"replies":[{"embeddable":true,"href":"https:\/\/linitiative.ca\/International\/wp-json\/wp\/v2\/comments?post=144333"}],"version-history":[{"count":0,"href":"https:\/\/linitiative.ca\/International\/wp-json\/wp\/v2\/posts\/144333\/revisions"}],"wp:attachment":[{"href":"https:\/\/linitiative.ca\/International\/wp-json\/wp\/v2\/media?parent=144333"}],"wp:term":[{"taxonomy":"category","embeddable":true,"href":"https:\/\/linitiative.ca\/International\/wp-json\/wp\/v2\/categories?post=144333"},{"taxonomy":"post_tag","embeddable":true,"href":"https:\/\/linitiative.ca\/International\/wp-json\/wp\/v2\/tags?post=144333"}],"curies":[{"name":"wp","href":"https:\/\/api.w.org\/{rel}","templated":true}]}}