{"id":144340,"date":"2022-03-30T11:02:38","date_gmt":"2022-03-30T15:02:38","guid":{"rendered":"https:\/\/linitiative.ca\/International\/terrorisme-sanmatenga-un-vdp-tue-a-doagapissila\/"},"modified":"2022-03-30T11:02:38","modified_gmt":"2022-03-30T15:02:38","slug":"terrorisme-sanmatenga-un-vdp-tue-a-doagapissila","status":"publish","type":"post","link":"https:\/\/linitiative.ca\/International\/terrorisme-sanmatenga-un-vdp-tue-a-doagapissila\/","title":{"rendered":"Terrorisme\/Sanmatenga: un VDP  tu\u00e9 \u00e0 \u00a0Doaga(Pissila)"},"content":{"rendered":"<div>\n<p>Des hommes arm\u00e9s ont assassin\u00e9 hier mardi 29 mars 2022, un Volontaire pour la d\u00e9fense de la patrie (VDP) \u00e0 Doaga (Pissila), une \u00a0localit\u00e9 situ\u00e9e \u00e0 42 km de Kaya sur la nationale num\u00e9ro 3, a inform\u00e9 l\u2019 AIB. Ces terroristes ont, par ailleurs, pill\u00e9 des boutiques et incendi\u00e9 des concessions et des greniers.<\/p>\n<p>L\u2019article <a rel=\"nofollow\" href=\"https:\/\/www.sidwaya.info\/blog\/2022\/03\/30\/terrorisme-sanmatenga-un-vdp-tue-a-doagapissila\/\">Terrorisme\/Sanmatenga: un VDP  tu\u00e9 \u00e0 \u00a0Doaga(Pissila)<\/a> est apparu en premier sur <a rel=\"nofollow\" href=\"https:\/\/www.sidwaya.info\/\">Quotidien Sidwaya<\/a>.<\/p>\n<\/div>\n<p>Auteur: BANGRE SIDWAYA<br \/>\n<a href=\"https:\/\/www.sidwaya.info\/blog\/2022\/03\/30\/terrorisme-sanmatenga-un-vdp-tue-a-doagapissila\/?utm_source=rss&#038;utm_medium=rss&#038;utm_campaign=terrorisme-sanmatenga-un-vdp-tue-a-doagapissila\">Cliquez ici pour lire l&rsquo;article depuis sa source.<\/a><\/p>\n","protected":false},"excerpt":{"rendered":"<p>Des hommes arm\u00e9s ont assassin\u00e9 hier mardi 29 mars 2022, un Volontaire pour la d\u00e9fense de la patrie (VDP) \u00e0 Doaga (Pissila), une \u00a0localit\u00e9 situ\u00e9e \u00e0 42 km de Kaya sur la nationale num\u00e9ro 3, a inform\u00e9 l\u2019 AIB. Ces terroristes ont, par ailleurs, pill\u00e9 des boutiques et incendi\u00e9 des concessions et des greniers. L\u2019article [&hellip;]<\/p>\n","protected":false},"author":1816,"featured_media":0,"comment_status":"closed","ping_status":"closed","sticky":false,"template":"","format":"standard","meta":{"fifu_image_url":"","fifu_image_alt":"","footnotes":""},"categories":[73,81],"tags":[],"class_list":["post-144340","post","type-post","status-publish","format-standard","hentry","category-actualite","category-burkina-faso"],"_links":{"self":[{"href":"https:\/\/linitiative.ca\/International\/wp-json\/wp\/v2\/posts\/144340","targetHints":{"allow":["GET"]}}],"collection":[{"href":"https:\/\/linitiative.ca\/International\/wp-json\/wp\/v2\/posts"}],"about":[{"href":"https:\/\/linitiative.ca\/International\/wp-json\/wp\/v2\/types\/post"}],"author":[{"embeddable":true,"href":"https:\/\/linitiative.ca\/International\/wp-json\/wp\/v2\/users\/1816"}],"replies":[{"embeddable":true,"href":"https:\/\/linitiative.ca\/International\/wp-json\/wp\/v2\/comments?post=144340"}],"version-history":[{"count":0,"href":"https:\/\/linitiative.ca\/International\/wp-json\/wp\/v2\/posts\/144340\/revisions"}],"wp:attachment":[{"href":"https:\/\/linitiative.ca\/International\/wp-json\/wp\/v2\/media?parent=144340"}],"wp:term":[{"taxonomy":"category","embeddable":true,"href":"https:\/\/linitiative.ca\/International\/wp-json\/wp\/v2\/categories?post=144340"},{"taxonomy":"post_tag","embeddable":true,"href":"https:\/\/linitiative.ca\/International\/wp-json\/wp\/v2\/tags?post=144340"}],"curies":[{"name":"wp","href":"https:\/\/api.w.org\/{rel}","templated":true}]}}