{"id":144342,"date":"2022-03-30T12:44:47","date_gmt":"2022-03-30T16:44:47","guid":{"rendered":"https:\/\/linitiative.ca\/International\/culture-lancement-du-2e-appel-a-projets-dans-le-cadre-du-paic-gc\/"},"modified":"2022-03-30T12:44:47","modified_gmt":"2022-03-30T16:44:47","slug":"culture-lancement-du-2e-appel-a-projets-dans-le-cadre-du-paic-gc","status":"publish","type":"post","link":"https:\/\/linitiative.ca\/International\/culture-lancement-du-2e-appel-a-projets-dans-le-cadre-du-paic-gc\/","title":{"rendered":"Culture: lancement du 2e appel \u00e0 projets dans le cadre du PAIC-GC"},"content":{"rendered":"<div>\n<p>Le lancement du 2<sup>e<\/sup> \u00a0appel \u00e0 projets du Fonds de d\u00e9veloppement culturel et touristique (FDCT) entrant dans le cadre de la mise en \u0153uvre du Programme d\u2019Appui aux Industries Cr\u00e9atives et \u00e0 la Gouvernance de la Culture (PAIC- GC) aura lieu le jeudi 31 mars 2022 \u00e0 Ouagadougou.<\/p>\n<p>Ce projet, sign\u00e9 en d\u00e9cembre 2018, est le fruit de la coop\u00e9ration entre l\u2019Union Europ\u00e9enne et le Burkina Faso est un important programme de financement \u00a0au secteur de la culture en vue d\u2019en faire un facteur de d\u00e9veloppement socio-\u00e9conomique du Burkina Faso. L\u2019objectif g\u00e9n\u00e9ral du PAIC-GC est de \u00a0\u00ab <em>cr\u00e9er une dynamique de d\u00e9veloppement culturel et touristique, fond\u00e9e sur les valeurs communes propres aux Burkinab\u00e8, les capacit\u00e9s entrepreneuriales et la cr\u00e9ativit\u00e9 des acteurs, en vue de l\u2019\u00e9panouissement \u00e9conomique et social des populations du Burkina Faso\u00a0\u00bb<\/em>.<\/p>\n<p>Le \u00a01<sup>er<\/sup> appel \u00e0 projets, qui a \u00e9t\u00e9 lanc\u00e9 le 19 octobre 2020 \u00e0 Bobo-Dioulasso, a permis de r\u00e9ceptionner 415 dossiers de demande de financements, \u00a0gr\u00e2ce \u00e0 la collaboration avec les Directions r\u00e9gionales du minist\u00e8re en charge de la culture. Au terme de l\u2019analyse, ce sont 74 projets qui ont \u00e9t\u00e9 financ\u00e9s \u00e0 hauteur de 1 289 887 336 FCFA.<\/p>\n<p>\u00a0<\/p>\n<p><strong>AK<\/strong><\/p>\n<p>L\u2019article <a rel=\"nofollow\" href=\"https:\/\/www.sidwaya.info\/blog\/2022\/03\/30\/culture-lancement-du-2e-appel-a-projets-dans-le-cadre-du-paic-gc\/\">Culture: lancement du 2e appel \u00e0 projets dans le cadre du PAIC-GC<\/a> est apparu en premier sur <a rel=\"nofollow\" href=\"https:\/\/www.sidwaya.info\/\">Quotidien Sidwaya<\/a>.<\/p>\n<\/div>\n<p>Auteur: BANGRE SIDWAYA<br \/>\n<a href=\"https:\/\/www.sidwaya.info\/blog\/2022\/03\/30\/culture-lancement-du-2e-appel-a-projets-dans-le-cadre-du-paic-gc\/?utm_source=rss&#038;utm_medium=rss&#038;utm_campaign=culture-lancement-du-2e-appel-a-projets-dans-le-cadre-du-paic-gc\">Cliquez ici pour lire l&rsquo;article depuis sa source.<\/a><\/p>\n","protected":false},"excerpt":{"rendered":"<p>Le lancement du 2e \u00a0appel \u00e0 projets du Fonds de d\u00e9veloppement culturel et touristique (FDCT) entrant dans le cadre de la mise en \u0153uvre du Programme d\u2019Appui aux Industries Cr\u00e9atives et \u00e0 la Gouvernance de la Culture (PAIC- GC) aura lieu le jeudi 31 mars 2022 \u00e0 Ouagadougou. Ce projet, sign\u00e9 en d\u00e9cembre 2018, est [&hellip;]<\/p>\n","protected":false},"author":1816,"featured_media":0,"comment_status":"closed","ping_status":"closed","sticky":false,"template":"","format":"standard","meta":{"fifu_image_url":"","fifu_image_alt":"","footnotes":""},"categories":[73,81],"tags":[],"class_list":["post-144342","post","type-post","status-publish","format-standard","hentry","category-actualite","category-burkina-faso"],"_links":{"self":[{"href":"https:\/\/linitiative.ca\/International\/wp-json\/wp\/v2\/posts\/144342","targetHints":{"allow":["GET"]}}],"collection":[{"href":"https:\/\/linitiative.ca\/International\/wp-json\/wp\/v2\/posts"}],"about":[{"href":"https:\/\/linitiative.ca\/International\/wp-json\/wp\/v2\/types\/post"}],"author":[{"embeddable":true,"href":"https:\/\/linitiative.ca\/International\/wp-json\/wp\/v2\/users\/1816"}],"replies":[{"embeddable":true,"href":"https:\/\/linitiative.ca\/International\/wp-json\/wp\/v2\/comments?post=144342"}],"version-history":[{"count":0,"href":"https:\/\/linitiative.ca\/International\/wp-json\/wp\/v2\/posts\/144342\/revisions"}],"wp:attachment":[{"href":"https:\/\/linitiative.ca\/International\/wp-json\/wp\/v2\/media?parent=144342"}],"wp:term":[{"taxonomy":"category","embeddable":true,"href":"https:\/\/linitiative.ca\/International\/wp-json\/wp\/v2\/categories?post=144342"},{"taxonomy":"post_tag","embeddable":true,"href":"https:\/\/linitiative.ca\/International\/wp-json\/wp\/v2\/tags?post=144342"}],"curies":[{"name":"wp","href":"https:\/\/api.w.org\/{rel}","templated":true}]}}