{"id":144343,"date":"2022-03-30T16:07:55","date_gmt":"2022-03-30T20:07:55","guid":{"rendered":"https:\/\/linitiative.ca\/International\/conseil-des-ministres-le-gouvernement-burkinabe-repondra-a-la-cedeao-ce-jeudi\/"},"modified":"2022-03-30T16:07:55","modified_gmt":"2022-03-30T20:07:55","slug":"conseil-des-ministres-le-gouvernement-burkinabe-repondra-a-la-cedeao-ce-jeudi","status":"publish","type":"post","link":"https:\/\/linitiative.ca\/International\/conseil-des-ministres-le-gouvernement-burkinabe-repondra-a-la-cedeao-ce-jeudi\/","title":{"rendered":"Conseil des ministres: Le gouvernement burkinab\u00e8 r\u00e9pondra \u00a0\u00e0 la CEDEAO ce jeudi  \u00a0"},"content":{"rendered":"<div>\n<p>Le Conseil des ministres s\u2019est tenu ce mercredi 30 mars 2022 \u00e0 Kosyam sous l\u2019\u00e9gide du Chef de l\u2019Etat, Paul-Henri Sandaogo Damiba. A la sortie du Conseil, le ministre de l\u2019Education nationale, de l\u2019Alphab\u00e9tisation et de la Promotion des langues nationales (MENAPLN), porte-parole du gouvernement Lionel Bilgo, a \u00e9voqu\u00e9 plusieurs sujets. Selon lui, le gouvernement burkinab\u00e8 r\u00e9pondra demain jeudi 31 mars 2022 via une conf\u00e9rence de presse aux directives de la CEDEAO concernant la dur\u00e9e de la Transition\u00a0 et surtout la lib\u00e9ration de l\u2019ancien pr\u00e9sident du Faso, Roch Marc Christian Kabor\u00e9.<\/p>\n<p>Le porte-voix du gouvernement a\u00a0 \u00e9galement annonc\u00e9 \u00a0la lib\u00e9ration de deux otages et \u00a0l\u2019adoption par les ministres d\u2019 un d\u00e9cret portant r\u00e9partition d\u2019int\u00e9rim en cas d\u2019absence du ministre pour une meilleure organisation et une continuit\u00e9 du travail gouvernemental conform\u00e9ment au d\u00e9cret du 07 mars 1993 portant fonctionnement des int\u00e9rims des d\u00e9partements minist\u00e9riels. Un autre sujet abord\u00e9, a-t-il fait savoir, est au titre du minist\u00e8re de l\u2019Economie, des Finances et de la Prospective, l\u2019adoption d\u2019un d\u00e9cret portant modification du d\u00e9cret portant d\u00e9finition et cr\u00e9ation des postes comptables des administrations de douanes, des imp\u00f4ts et du tr\u00e9sor. Pour Lionel Bilgo, \u00e0 travers l\u2019adoption de ce texte de loi, le pays des Hommes int\u00e8gres a mis en place trois r\u00e9seaux comptables dans les administrations des douanes, des imp\u00f4ts et du tr\u00e9sor conform\u00e9ment aux instruments internationaux de gestion de finances publiques.<\/p>\n<p><strong>La r\u00e9daction<\/strong><\/p>\n<p>Lire le conseil des ministres <a href=\"https:\/\/www.sidwaya.info\/wp-content\/uploads\/2022\/03\/CONSEIL-DES-MINISTRES-N%C2%B0006-DU-30-MARS-2022.pdf\">CONSEIL DES MINISTRES N\u00b0006 DU 30 MARS 2022<\/a><\/p>\n<p>L\u2019article <a rel=\"nofollow\" href=\"https:\/\/www.sidwaya.info\/blog\/2022\/03\/30\/conseil-des-ministres-le-gouvernement-burkinabe-repondra-a-la-cedeao-ce-jeudi\/\">Conseil des ministres: Le gouvernement burkinab\u00e8 r\u00e9pondra \u00a0\u00e0 la CEDEAO ce jeudi  \u00a0<\/a> est apparu en premier sur <a rel=\"nofollow\" href=\"https:\/\/www.sidwaya.info\/\">Quotidien Sidwaya<\/a>.<\/p>\n<\/div>\n<p>Auteur: BS. Sidwaya<br \/>\n<a href=\"https:\/\/www.sidwaya.info\/blog\/2022\/03\/30\/conseil-des-ministres-le-gouvernement-burkinabe-repondra-a-la-cedeao-ce-jeudi\/?utm_source=rss&#038;utm_medium=rss&#038;utm_campaign=conseil-des-ministres-le-gouvernement-burkinabe-repondra-a-la-cedeao-ce-jeudi\">Cliquez ici pour lire l&rsquo;article depuis sa source.<\/a><\/p>\n","protected":false},"excerpt":{"rendered":"<p>Le Conseil des ministres s\u2019est tenu ce mercredi 30 mars 2022 \u00e0 Kosyam sous l\u2019\u00e9gide du Chef de l\u2019Etat, Paul-Henri Sandaogo Damiba. A la sortie du Conseil, le ministre de l\u2019Education nationale, de l\u2019Alphab\u00e9tisation et de la Promotion des langues nationales (MENAPLN), porte-parole du gouvernement Lionel Bilgo, a \u00e9voqu\u00e9 plusieurs sujets. Selon lui, le gouvernement [&hellip;]<\/p>\n","protected":false},"author":1816,"featured_media":0,"comment_status":"closed","ping_status":"closed","sticky":false,"template":"","format":"standard","meta":{"fifu_image_url":"","fifu_image_alt":"","footnotes":""},"categories":[73,81],"tags":[],"class_list":["post-144343","post","type-post","status-publish","format-standard","hentry","category-actualite","category-burkina-faso"],"_links":{"self":[{"href":"https:\/\/linitiative.ca\/International\/wp-json\/wp\/v2\/posts\/144343","targetHints":{"allow":["GET"]}}],"collection":[{"href":"https:\/\/linitiative.ca\/International\/wp-json\/wp\/v2\/posts"}],"about":[{"href":"https:\/\/linitiative.ca\/International\/wp-json\/wp\/v2\/types\/post"}],"author":[{"embeddable":true,"href":"https:\/\/linitiative.ca\/International\/wp-json\/wp\/v2\/users\/1816"}],"replies":[{"embeddable":true,"href":"https:\/\/linitiative.ca\/International\/wp-json\/wp\/v2\/comments?post=144343"}],"version-history":[{"count":0,"href":"https:\/\/linitiative.ca\/International\/wp-json\/wp\/v2\/posts\/144343\/revisions"}],"wp:attachment":[{"href":"https:\/\/linitiative.ca\/International\/wp-json\/wp\/v2\/media?parent=144343"}],"wp:term":[{"taxonomy":"category","embeddable":true,"href":"https:\/\/linitiative.ca\/International\/wp-json\/wp\/v2\/categories?post=144343"},{"taxonomy":"post_tag","embeddable":true,"href":"https:\/\/linitiative.ca\/International\/wp-json\/wp\/v2\/tags?post=144343"}],"curies":[{"name":"wp","href":"https:\/\/api.w.org\/{rel}","templated":true}]}}