{"id":144344,"date":"2022-03-30T12:18:04","date_gmt":"2022-03-30T16:18:04","guid":{"rendered":"https:\/\/linitiative.ca\/International\/niger-bientot-un-parc-eolien-de-250-mw-a-tahou\/"},"modified":"2022-03-30T12:18:04","modified_gmt":"2022-03-30T16:18:04","slug":"niger-bientot-un-parc-eolien-de-250-mw-a-tahou","status":"publish","type":"post","link":"https:\/\/linitiative.ca\/International\/niger-bientot-un-parc-eolien-de-250-mw-a-tahou\/","title":{"rendered":"Niger : bient\u00f4t un parc \u00e9olien de 250 MW \u00e0 Tahou"},"content":{"rendered":"<div>\n<p><img decoding=\"async\" width=\"497\" height=\"418\" src=\"https:\/\/linitiative.ca\/International\/wp-content\/uploads\/sites\/23\/2022\/03\/16486570846570.jpg\" class=\"attachment-post-thumbnail size-post-thumbnail wp-post-image\" alt=\"\" loading=\"lazy\" srcset=\"https:\/\/linitiative.ca\/International\/wp-content\/uploads\/sites\/23\/2022\/03\/16486570846570.jpg 497w, https:\/\/www.journalducameroun.com\/wp-content\/uploads\/2022\/03\/16486570846570-300x252.jpg 300w\" sizes=\"auto, (max-width: 497px) 100vw, 497px\"><\/p>\n<p>L&rsquo;infrastructure repr\u00e9sente le premier du pays et comprendra jusqu&rsquo;\u00e0 60 turbines, dont l&rsquo;\u00e9lectricit\u00e9 sera int\u00e9gr\u00e9e au r\u00e9seau \u00e9lectrique national et r\u00e9gional.Ce projet marque une \u00e9tape importante vers la r\u00e9duction de la pauvret\u00e9 \u00e9nerg\u00e9tique en Afrique de l&rsquo;Ouest, se f\u00e9licite, dans une note parvenue mercredi \u00e0 APA, Savannah Energy, promotrice du parc. Elle ajoute que la ferme \u00e9olienne augmentera la capacit\u00e9 de production et l&rsquo;acc\u00e8s \u00e0 l&rsquo;\u00e9lectricit\u00e9 du pays. Elle servira \u00e9galement de mod\u00e8le pour d&rsquo;autres pays riches en \u00e9nergies renouvelables qui cherchent \u00e0 diversifier leur mix \u00e9nerg\u00e9tique.<\/p>\n<p>\u00ab Je suis ravi d&rsquo;annoncer aujourd&rsquo;hui nos plans pour le d\u00e9veloppement du Parc Eolien de Tarka. [\u2026] Un tel projet devrait stimuler une augmentation significative de l&rsquo;activit\u00e9 \u00e9conomique \u00e0 travers notre pays, cr\u00e9ant directement et indirectement des milliers d&#8217;emplois au cours de la prochaine d\u00e9cennie \u00bb, a d\u00e9clar\u00e9 le ministre nig\u00e9rien du P\u00e9trole, de l&rsquo;Energie et des Energies renouvelables, Mahamane Sani Mahamadou, cit\u00e9 dans le communiqu\u00e9.<\/p>\n<p>Savannah Energy est, d&rsquo;apr\u00e8s la note, un acteur majeur de l&rsquo;\u00e9nergie au Nigeria, au Tchad et au Niger. Elle affirme avoir d\u00e9j\u00e0 r\u00e9alis\u00e9 des progr\u00e8s significatifs dans la promotion du d\u00e9veloppement \u00e9nerg\u00e9tique de l&rsquo;Afrique.<\/p>\n<p>Au Nig\u00e9ria, la soci\u00e9t\u00e9 britannique est impliqu\u00e9e dans le secteur en amont, d\u00e9tenant des int\u00e9r\u00eats dans deux champs p\u00e9troliers et gaziers onshore \u00e0 grande \u00e9chelle. Elle est aussi pr\u00e9sente dans le secteur interm\u00e9diaire, avec une participation de 80 % dans l&rsquo;installation de traitement de 200 millions de pieds cubes standard par jour d&rsquo;Accugas ainsi que d&rsquo;un r\u00e9seau de gazoducs de 260 km.<\/p>\n<p>Gr\u00e2ce \u00e0 ces projets, la soci\u00e9t\u00e9 fournit du gaz pour permettre plus de 10 % de la production d&rsquo;\u00e9nergie thermique du pays. De plus, au Niger, Savannah Energy d\u00e9tient des int\u00e9r\u00eats sous licence couvrant 13 655 km\u00b2 dans le bassin du Rift d&rsquo;Agadem, soit environ 50 % du principal bassin p\u00e9trolier du pays.<\/p>\n<p>\u00c0 ce jour, la soci\u00e9t\u00e9 a fait cinq d\u00e9couvertes \u00e0 partir de cinq puits r\u00e9partis sur cinq champs p\u00e9trolif\u00e8res. Elle repr\u00e9sente l&rsquo;un des poids lourds de l&rsquo;Afrique de l&rsquo;Ouest et sera un partenaire pr\u00e9cieux pour le Niger alors que le pays s&rsquo;efforce d&rsquo;atteindre ses objectifs en mati\u00e8re d&rsquo;\u00e9nergie renouvelable.<\/p>\n<p>Cet article <a rel=\"nofollow\" href=\"https:\/\/www.journalducameroun.com\/niger-bientot-un-parc-eolien-de-250-mw-a-tahou\/\">Niger : bient\u00f4t un parc \u00e9olien de 250 MW \u00e0 Tahou<\/a> est apparu en premier sur <a rel=\"nofollow\" href=\"https:\/\/www.journalducameroun.com\/\">Journal du Cameroun<\/a>.<\/p>\n<\/div>\n<p>Auteur: APA News<br \/>\n<a href=\"https:\/\/www.journalducameroun.com\/niger-bientot-un-parc-eolien-de-250-mw-a-tahou\/\">Cliquez ici pour lire l&rsquo;article depuis sa source.<\/a><\/p>\n","protected":false},"excerpt":{"rendered":"<p>L&rsquo;infrastructure repr\u00e9sente le premier du pays et comprendra jusqu&rsquo;\u00e0 60 turbines, dont l&rsquo;\u00e9lectricit\u00e9 sera int\u00e9gr\u00e9e au r\u00e9seau \u00e9lectrique national et r\u00e9gional.Ce projet marque une \u00e9tape importante vers la r\u00e9duction de la pauvret\u00e9 \u00e9nerg\u00e9tique en Afrique de l&rsquo;Ouest, se f\u00e9licite, dans une note parvenue mercredi \u00e0 APA, Savannah Energy, promotrice du parc. Elle ajoute que la [&hellip;]<\/p>\n","protected":false},"author":1965,"featured_media":0,"comment_status":"closed","ping_status":"closed","sticky":false,"template":"","format":"standard","meta":{"fifu_image_url":"https:\/\/www.journalducameroun.com\/wp-content\/uploads\/2022\/03\/16486570846570.jpg","fifu_image_alt":"Niger : bient\u00f4t un parc \u00e9olien de 250 MW \u00e0 Tahou","footnotes":""},"categories":[73,82],"tags":[],"class_list":["post-144344","post","type-post","status-publish","format-standard","hentry","category-actualite","category-cameroun"],"_links":{"self":[{"href":"https:\/\/linitiative.ca\/International\/wp-json\/wp\/v2\/posts\/144344","targetHints":{"allow":["GET"]}}],"collection":[{"href":"https:\/\/linitiative.ca\/International\/wp-json\/wp\/v2\/posts"}],"about":[{"href":"https:\/\/linitiative.ca\/International\/wp-json\/wp\/v2\/types\/post"}],"author":[{"embeddable":true,"href":"https:\/\/linitiative.ca\/International\/wp-json\/wp\/v2\/users\/1965"}],"replies":[{"embeddable":true,"href":"https:\/\/linitiative.ca\/International\/wp-json\/wp\/v2\/comments?post=144344"}],"version-history":[{"count":0,"href":"https:\/\/linitiative.ca\/International\/wp-json\/wp\/v2\/posts\/144344\/revisions"}],"wp:attachment":[{"href":"https:\/\/linitiative.ca\/International\/wp-json\/wp\/v2\/media?parent=144344"}],"wp:term":[{"taxonomy":"category","embeddable":true,"href":"https:\/\/linitiative.ca\/International\/wp-json\/wp\/v2\/categories?post=144344"},{"taxonomy":"post_tag","embeddable":true,"href":"https:\/\/linitiative.ca\/International\/wp-json\/wp\/v2\/tags?post=144344"}],"curies":[{"name":"wp","href":"https:\/\/api.w.org\/{rel}","templated":true}]}}