{"id":144348,"date":"2022-03-30T13:11:21","date_gmt":"2022-03-30T17:11:21","guid":{"rendered":"https:\/\/linitiative.ca\/International\/cameroun-agression-dune-surveillante-au-lycee-bilingue-de-nkol-eton-la-mise-en-garde-du-ministre-nalova-lyonga\/"},"modified":"2022-03-30T13:11:21","modified_gmt":"2022-03-30T17:11:21","slug":"cameroun-agression-dune-surveillante-au-lycee-bilingue-de-nkol-eton-la-mise-en-garde-du-ministre-nalova-lyonga","status":"publish","type":"post","link":"https:\/\/linitiative.ca\/International\/cameroun-agression-dune-surveillante-au-lycee-bilingue-de-nkol-eton-la-mise-en-garde-du-ministre-nalova-lyonga\/","title":{"rendered":"Cameroun : agression d\u2019une surveillante au Lyc\u00e9e bilingue de Nkol Eton, la mise en garde du ministre Nalova Lyonga"},"content":{"rendered":"<div>\n<p><img decoding=\"async\" width=\"770\" height=\"405\" src=\"https:\/\/linitiative.ca\/International\/wp-content\/uploads\/sites\/23\/2022\/03\/nalova-lyonga.jpg\" class=\"attachment-post-thumbnail size-post-thumbnail wp-post-image\" alt=\"Le Minesec met la communaut\u00e9 \u00e9ducative en garde contre les agressions d\u2019enseignants au Cameroun\" loading=\"lazy\" srcset=\"https:\/\/linitiative.ca\/International\/wp-content\/uploads\/sites\/23\/2022\/03\/nalova-lyonga.jpg 770w, https:\/\/www.journalducameroun.com\/wp-content\/uploads\/2018\/05\/nalova-lyonga-300x158.jpg 300w, https:\/\/www.journalducameroun.com\/wp-content\/uploads\/2018\/05\/nalova-lyonga-768x404.jpg 768w, https:\/\/www.journalducameroun.com\/wp-content\/uploads\/2018\/05\/nalova-lyonga-600x316.jpg 600w\" sizes=\"auto, (max-width: 770px) 100vw, 770px\"><\/p>\n<h2 style=\"text-align: justify;\">Suite \u00e0 la sc\u00e8ne d\u2019agression d\u2019une surveillante par une \u00e9l\u00e8ve au <strong>Lyc\u00e9e bilingue de Nkol Eton<\/strong> lundi 28 mars 2022, le ministre des Enseignements secondaires rappelle les \u00e9l\u00e8ves et les parents \u00e0 l\u2019ordre.<\/h2>\n<p style=\"text-align: justify;\">\n<p style=\"text-align: justify;\">\n<p style=\"text-align: justify;\">\n<p style=\"text-align: justify;\">La vid\u00e9o a vite fait le tour de la toile lundi 28 mars 2022, devenant virale. Elle montre une fille grande de taille en tenue de classe, donnant des coups de poings, des gifles et tirant les cheveux d\u2019une dame dans un couloir, \u00e0 l\u2019\u00e9tage d\u2019un b\u00e2timent du lyc\u00e9e, devant des jeunes en tenue de classe. Tandis qu\u2019une autre dame se d\u00e9m\u00eale pour s\u00e9parer les s\u00e9parer, d\u2019autres jeunes en tenue accourent pour regarder le spectacle tel des spectateurs face \u00e0 un ring de boxe.<\/p>\n<p style=\"text-align: justify;\">\u00ab\u00a0<em>Suite \u00e0 l\u2019incident survenu le lundi 28 mars 2022 au Lyc\u00e9e bilingue de Nkol Eton au cours duquel une surveillante a \u00e9t\u00e9 agress\u00e9e par une \u00e9l\u00e8ve de la classe de terminale a4 Allemand, le ministre des Enseignements secondaires a effectu\u00e9 une descente sur le terrain le mardi 29 mars 2022<\/em>\u00a0\u00bb, apprend-on dans un communiqu\u00e9 lu au Poste national de la Crtv.<\/p>\n<p style=\"text-align: justify;\">Apr\u00e8s l\u2019incident, \u00ab<em>une session extraordinaire du Conseil de discipline a \u00e9t\u00e9 convoqu\u00e9e par le chef de l\u2019\u00e9tablissement ce m\u00eame lundi 28 mars 2022. Au terme dudit conseil, <strong>l\u2019\u00e9l\u00e8ve<\/strong> ayant agress\u00e9 la <strong>surveillante<\/strong> a \u00e9t\u00e9 d\u00e9finitivement exclue<\/em>\u00a0\u00bb, informe le communiqu\u00e9 du <strong>Minesec<\/strong> au sortir d\u2019une s\u00e9ance de travail avec le responsable du lyc\u00e9e mardi 29 mars 2022.<\/p>\n<p style=\"text-align: justify;\">Dans le m\u00eame communiqu\u00e9, le ministre \u00ab<em> rappelle aux parents que tout \u00e9l\u00e8ve qui agresse un enseignant s\u2019expose \u00e0 une exclusion d\u00e9finitive de son \u00e9tablissement conform\u00e9ment \u00e0 la r\u00e9glementation en vigueur. Les \u00e9l\u00e8ves ne sont pas autoris\u00e9s \u00e0 apporter leur t\u00e9l\u00e9phone portable dans l\u2019enceinte de l\u2019\u00e9tablissement scolaire<\/em> \u00bb, pr\u00e9cise <strong>Pauline Nalova Lyonga<\/strong>.<\/p>\n<p style=\"text-align: justify;\">Cet incident survient dans un contexte o\u00f9 les sc\u00e8nes de violence et de d\u00e9viance sont de plus en plus relat\u00e9es au sein des \u00e9tablissements scolaires au <strong>Cameroun<\/strong>. Des agressions des <strong>enseignants<\/strong> et des camarades par des \u00e9l\u00e8ves souvent ayant consomm\u00e9 des stup\u00e9fiants sont l\u00e9gions. Cette autre sc\u00e8ne arrive aussi au moment o\u00f9 les enseignants posent de nombreuses revendications en vue d\u2019am\u00e9liorer leurs conditions de travail.<\/p>\n<p>Cet article <a rel=\"nofollow\" href=\"https:\/\/www.journalducameroun.com\/cameroun-agression-dune-surveillante-au-lycee-bilingue-de-nkol-eton-la-mise-en-garde-du-ministre-nalova-lyonga\/\">Cameroun : agression d\u2019une surveillante au Lyc\u00e9e bilingue de Nkol Eton, la mise en garde du ministre Nalova Lyonga<\/a> est apparu en premier sur <a rel=\"nofollow\" href=\"https:\/\/www.journalducameroun.com\/\">Journal du Cameroun<\/a>.<\/p>\n<\/div>\n<p>Auteur: Arnaud MAWEL<br \/>\n<a href=\"https:\/\/www.journalducameroun.com\/cameroun-agression-dune-surveillante-au-lycee-bilingue-de-nkol-eton-la-mise-en-garde-du-ministre-nalova-lyonga\/\">Cliquez ici pour lire l&rsquo;article depuis sa source.<\/a><\/p>\n","protected":false},"excerpt":{"rendered":"<p>Suite \u00e0 la sc\u00e8ne d\u2019agression d\u2019une surveillante par une \u00e9l\u00e8ve au Lyc\u00e9e bilingue de Nkol Eton lundi 28 mars 2022, le ministre des Enseignements secondaires rappelle les \u00e9l\u00e8ves et les parents \u00e0 l\u2019ordre. La vid\u00e9o a vite fait le tour de la toile lundi 28 mars 2022, devenant virale. Elle montre une fille grande de [&hellip;]<\/p>\n","protected":false},"author":1965,"featured_media":0,"comment_status":"closed","ping_status":"closed","sticky":false,"template":"","format":"standard","meta":{"fifu_image_url":"https:\/\/www.journalducameroun.com\/wp-content\/uploads\/2018\/05\/nalova-lyonga.jpg","fifu_image_alt":"Cameroun : agression d\u2019une surveillante au Lyc\u00e9e bilingue de Nkol Eton, la mise en garde du ministre Nalova Lyonga","footnotes":""},"categories":[73,82],"tags":[],"class_list":["post-144348","post","type-post","status-publish","format-standard","hentry","category-actualite","category-cameroun"],"_links":{"self":[{"href":"https:\/\/linitiative.ca\/International\/wp-json\/wp\/v2\/posts\/144348","targetHints":{"allow":["GET"]}}],"collection":[{"href":"https:\/\/linitiative.ca\/International\/wp-json\/wp\/v2\/posts"}],"about":[{"href":"https:\/\/linitiative.ca\/International\/wp-json\/wp\/v2\/types\/post"}],"author":[{"embeddable":true,"href":"https:\/\/linitiative.ca\/International\/wp-json\/wp\/v2\/users\/1965"}],"replies":[{"embeddable":true,"href":"https:\/\/linitiative.ca\/International\/wp-json\/wp\/v2\/comments?post=144348"}],"version-history":[{"count":0,"href":"https:\/\/linitiative.ca\/International\/wp-json\/wp\/v2\/posts\/144348\/revisions"}],"wp:attachment":[{"href":"https:\/\/linitiative.ca\/International\/wp-json\/wp\/v2\/media?parent=144348"}],"wp:term":[{"taxonomy":"category","embeddable":true,"href":"https:\/\/linitiative.ca\/International\/wp-json\/wp\/v2\/categories?post=144348"},{"taxonomy":"post_tag","embeddable":true,"href":"https:\/\/linitiative.ca\/International\/wp-json\/wp\/v2\/tags?post=144348"}],"curies":[{"name":"wp","href":"https:\/\/api.w.org\/{rel}","templated":true}]}}