{"id":144350,"date":"2022-03-30T15:18:03","date_gmt":"2022-03-30T19:18:03","guid":{"rendered":"https:\/\/linitiative.ca\/International\/il-y-a-dix-ans-le-mali-perdait-le-nord\/"},"modified":"2022-03-30T15:18:03","modified_gmt":"2022-03-30T19:18:03","slug":"il-y-a-dix-ans-le-mali-perdait-le-nord","status":"publish","type":"post","link":"https:\/\/linitiative.ca\/International\/il-y-a-dix-ans-le-mali-perdait-le-nord\/","title":{"rendered":"Il y a dix ans, le Mali perdait le Nord"},"content":{"rendered":"<div>\n<p><img decoding=\"async\" width=\"828\" height=\"462\" src=\"https:\/\/linitiative.ca\/International\/wp-content\/uploads\/sites\/23\/2022\/03\/16486678837638.jpg\" class=\"attachment-post-thumbnail size-post-thumbnail wp-post-image\" alt=\"\" loading=\"lazy\" srcset=\"https:\/\/linitiative.ca\/International\/wp-content\/uploads\/sites\/23\/2022\/03\/16486678837638.jpg 828w, https:\/\/www.journalducameroun.com\/wp-content\/uploads\/2022\/03\/16486678837638-300x167.jpg 300w, https:\/\/www.journalducameroun.com\/wp-content\/uploads\/2022\/03\/16486678837638-768x429.jpg 768w, https:\/\/www.journalducameroun.com\/wp-content\/uploads\/2022\/03\/16486678837638-160x90.jpg 160w, https:\/\/www.journalducameroun.com\/wp-content\/uploads\/2022\/03\/16486678837638-240x135.jpg 240w, https:\/\/www.journalducameroun.com\/wp-content\/uploads\/2022\/03\/16486678837638-789x440.jpg 789w, https:\/\/www.journalducameroun.com\/wp-content\/uploads\/2022\/03\/16486678837638-600x335.jpg 600w\" sizes=\"auto, (max-width: 828px) 100vw, 828px\"><\/p>\n<p>Durant de longs mois, la presque totalit\u00e9 du nord du Mali a \u00e9t\u00e9 sous le contr\u00f4le des jihadistes qui y ont install\u00e9 un mini \u00e9mirat islamique.Il y a dix ans, jour pour jour, le Mali perdait le contr\u00f4le sur sa partie septentrionale, tomb\u00e9e brusquement entre les mains d&rsquo;insurg\u00e9s nationalistes touaregs et jihadistes. En trois jours, dans l&rsquo;essentiel des villes du nord du pays, l&rsquo;arm\u00e9e et les forces de s\u00e9curit\u00e9 sont d\u00e9faites et contraintes de fuir. C&rsquo;\u00e9tait le cas d&rsquo;abord \u00e0 M\u00e9naka, grand centre de l&rsquo;est malien d&rsquo;o\u00f9 sont souvent partis les r\u00e9bellions pr\u00e9c\u00e9dentes, \u00e0 Kidal, capitale du grand nord et fief historique des grands chefs rebelles touaregs, puis \u00e0 Gao, plus grande ville de la r\u00e9gion et enfin \u00e0 Tombouctou, la cit\u00e9 historique class\u00e9e patrimoine mondial de l&rsquo;Unesco.<\/p>\n<p>A l&rsquo;origine de cette \u00e9ni\u00e8me r\u00e9bellion, dans cette partie du Mali, se trouve le Mouvement national de la lib\u00e9ration de l&rsquo;Azawad (MNLA), une organisation touar\u00e8gue n\u00e9e de la fusion quelques mois plus t\u00f4t entre de jeunes activistes locaux organis\u00e9s au sein du Mouvement national de l&rsquo;Azawad (MNA), cr\u00e9\u00e9 en octobre 2010 \u00e0 Tombouctou et un groupe de combattants originaires de la r\u00e9gion jusqu&rsquo;alors engag\u00e9s dans l&rsquo;arm\u00e9e libyenne du colonel Mouammar Kadhafi dont le r\u00e9gime venait, tout juste, de tomber sous les bombes de l&rsquo;OTAN.<\/p>\n<p>Mujao, Al Qaida\u2026<\/p>\n<p>En fait, la nouvelle organisation rebelle touar\u00e8gue n&rsquo;\u00e9tait pas seule. Au moment o\u00f9 elle d\u00e9cide de d\u00e9clencher son offensive militaire, un autre groupe \u00e9tait en embuscade. Il s&rsquo;agit des islamistes du mouvement Ansardine, form\u00e9 par l&rsquo;ancien h\u00e9ros de la r\u00e9bellion touar\u00e8gue du d\u00e9but des ann\u00e9es 1990, Iyad Ag Ghali. Converti \u00e0 l&rsquo;islamisme, cet aristocrate de la puissante tribu touar\u00e8gue des Ifoghas s&rsquo;est alli\u00e9 \u00e0 Al Qaida au Maghreb islamique (Aqmi) et sa filiale sah\u00e9lienne du Mouvement pour l&rsquo;unicit\u00e9 et le jihad en Afrique de l&rsquo;Ouest (Mujao).<\/p>\n<p>A Tombouctou, d\u00e8s la fuite de l&rsquo;arm\u00e9e malienne de la ville, Ansardine et ses alli\u00e9s d&rsquo;Aqmi chassent le MNLA du p\u00e9rim\u00e8tre de la cit\u00e9 historique. A Gao, o\u00f9 les nationalistes touaregs proclament d\u00e8s le 6 avril un Etat ind\u00e9pendant de l&rsquo;Azawad, le mort d&rsquo;un manifestant sous les tirs d&rsquo;\u00e9l\u00e9ments du MNLA pousse les islamistes du Mujao, qui s&rsquo;\u00e9taient install\u00e9s dans la m\u00eame ville, \u00e0 r\u00e9clamer la remise de l&rsquo;auteur des tirs pour le faire juger selon les lois de la charia islamique. Le refus des nationalistes de s&rsquo;ex\u00e9cuter provoque un affrontement militaire qui tourne en faveur des islamistes qui obligent leurs adversaires \u00e0 abandonner toutes leurs positions dans la cit\u00e9 et ses environs.<\/p>\n<p>Durant de longs mois, la presque totalit\u00e9 du nord du Mali est sous le contr\u00f4le des jihadistes qui y installent un mini \u00e9mirat islamique.<\/p>\n<p>\u00ab C&rsquo;\u00e9tait tr\u00e8s dur \u00bb, se souvient Mamiti Al Ansari, un jeune touareg de Tombouctou qui est le premier habitant de la r\u00e9gion \u00e0 avoir \u00e9t\u00e9 jug\u00e9 puis puni selon les lois de la charia instaur\u00e9es par les islamistes.<\/p>\n<p>Une intervention militaire internationale conduite par la France va s&#8217;employer, \u00e0 partir de janvier 2013, \u00e0 chasser les islamistes des villes occup\u00e9es. En quelques semaines, tout le nord passe, th\u00e9oriquement, sous le giron de l&rsquo;Etat malien, except\u00e9 Kidal et ses environs imm\u00e9diatement investis par le MNLA et un autre groupe touareg organis\u00e9 dans le cadre d&rsquo;un Haut Conseil pour l&rsquo;Unit\u00e9 de l&rsquo;Azawad (HCUA), form\u00e9 par des anciens cadres repentis du mouvement Ansardine d&rsquo;Iyad Ag Ghali.<\/p>\n<p>Un processus de paix, initi\u00e9 conjointement par la France et l&rsquo;Alg\u00e9rie, est alors engag\u00e9 entre le gouvernement de Bamako et les rebelles, auquel sont associ\u00e9es d&rsquo;autres formations arm\u00e9es dont certaines proches du pouvoir.<\/p>\n<p>Wagner<\/p>\n<p>Entre temps, alors que la d\u00e9b\u00e2cle de l&rsquo;arm\u00e9e malienne au nord avait provoqu\u00e9 le renversement par des militaires du pr\u00e9sident \u00e9lu Amadou Toumani Tour\u00e9 (ATT) en mars 2012, puis l&rsquo;installation d&rsquo;autorit\u00e9s transitoires, une \u00e9lection pr\u00e9sidentielle a d\u00e9bouch\u00e9 en septembre 2013 sur la d\u00e9signation d&rsquo;un nouveau pr\u00e9sident civil : Ibrahim Boubacar Keita dit IBK, qui avait fait du retour \u00e0 la paix sa promesse majeure. Son \u00e9chec \u00e0 restaurer l&rsquo;autorit\u00e9 de l&rsquo;Etat sur l&rsquo;ensemble du territoire, les soup\u00e7ons de corruption et de mauvaise gestion au sein de son entourage et l&rsquo;extension de la violence \u00e0 d&rsquo;autres r\u00e9gions du pays jusqu&rsquo;alors \u00e9pargn\u00e9es, seront \u00e0 l&rsquo;origine d&rsquo;un mouvement de protestation massif qui va pousser une partie de l&rsquo;arm\u00e9e \u00e0 le d\u00e9poser en ao\u00fbt 2020 alors qu&rsquo;il venait d&rsquo;\u00eatre r\u00e9\u00e9lu deux ans plus t\u00f4t.<\/p>\n<p>Le pr\u00e9sident et le Premier ministre de transition qui lui succ\u00e8dent ne conna\u00eetront pas meilleur sort. Neuf mois apr\u00e8s le coup d&rsquo;Etat contre IBK, la bande des jeunes colonels putschistes \u00e9vince le pr\u00e9sident et le chef de gouvernement qu&rsquo;elle avait entre-temps install\u00e9s.<\/p>\n<p>Dans ce pays, d\u00e9j\u00e0 mal en point, cet \u00e9pisode va installer le Mali de graves difficult\u00e9s. La France, dont 4000 soldats environ combattent les groupes jihadistes dans le nord du pays, va progressivement prendre ses distances avec le nouveau r\u00e9gime de Bamako au point de d\u00e9cider de retirer ses troupes du territoire malien pour les installer dans d&rsquo;autres pays de la r\u00e9gion, le Niger notamment.<\/p>\n<p>L&rsquo;appel par les nouvelles autorit\u00e9s maliennes \u00e0 la Russie aurait permis, selon les partisans de la junte, d&rsquo;att\u00e9nuer l&rsquo;impact du retrait fran\u00e7ais en acc\u00e9l\u00e9rant la mont\u00e9e en puissance de l&rsquo;arm\u00e9e malienne qui aurait enregistr\u00e9 des r\u00e9sultats importants sur le terrain ces derniers mois. Mais selon plusieurs sources internationales et organisations des droits de l&rsquo;homme, massacres, tueries, affrontements intercommunautaires n&rsquo;ont pas cess\u00e9 pour autant, impliquant d&rsquo;ailleurs parfois des forces r\u00e9guli\u00e8res de l&rsquo;arm\u00e9e malienne et leurs nouveaux alli\u00e9s russes qui seraient, en fait, des combattants de la compagnie controvers\u00e9e de mercenaires Wagner, r\u00e9put\u00e9e proche du Kremlin.<\/p>\n<p>Cet article <a rel=\"nofollow\" href=\"https:\/\/www.journalducameroun.com\/il-y-a-dix-ans-le-mali-perdait-le-nord\/\">Il y a dix ans, le Mali perdait le Nord<\/a> est apparu en premier sur <a rel=\"nofollow\" href=\"https:\/\/www.journalducameroun.com\/\">Journal du Cameroun<\/a>.<\/p>\n<\/div>\n<p>Auteur: APA News<br \/>\n<a href=\"https:\/\/www.journalducameroun.com\/il-y-a-dix-ans-le-mali-perdait-le-nord\/\">Cliquez ici pour lire l&rsquo;article depuis sa source.<\/a><\/p>\n","protected":false},"excerpt":{"rendered":"<p>Durant de longs mois, la presque totalit\u00e9 du nord du Mali a \u00e9t\u00e9 sous le contr\u00f4le des jihadistes qui y ont install\u00e9 un mini \u00e9mirat islamique.Il y a dix ans, jour pour jour, le Mali perdait le contr\u00f4le sur sa partie septentrionale, tomb\u00e9e brusquement entre les mains d&rsquo;insurg\u00e9s nationalistes touaregs et jihadistes. En trois jours, [&hellip;]<\/p>\n","protected":false},"author":1965,"featured_media":0,"comment_status":"closed","ping_status":"closed","sticky":false,"template":"","format":"standard","meta":{"fifu_image_url":"https:\/\/www.journalducameroun.com\/wp-content\/uploads\/2022\/03\/16486678837638.jpg","fifu_image_alt":"Il y a dix ans, le Mali perdait le Nord","footnotes":""},"categories":[73,82],"tags":[],"class_list":["post-144350","post","type-post","status-publish","format-standard","hentry","category-actualite","category-cameroun"],"_links":{"self":[{"href":"https:\/\/linitiative.ca\/International\/wp-json\/wp\/v2\/posts\/144350","targetHints":{"allow":["GET"]}}],"collection":[{"href":"https:\/\/linitiative.ca\/International\/wp-json\/wp\/v2\/posts"}],"about":[{"href":"https:\/\/linitiative.ca\/International\/wp-json\/wp\/v2\/types\/post"}],"author":[{"embeddable":true,"href":"https:\/\/linitiative.ca\/International\/wp-json\/wp\/v2\/users\/1965"}],"replies":[{"embeddable":true,"href":"https:\/\/linitiative.ca\/International\/wp-json\/wp\/v2\/comments?post=144350"}],"version-history":[{"count":0,"href":"https:\/\/linitiative.ca\/International\/wp-json\/wp\/v2\/posts\/144350\/revisions"}],"wp:attachment":[{"href":"https:\/\/linitiative.ca\/International\/wp-json\/wp\/v2\/media?parent=144350"}],"wp:term":[{"taxonomy":"category","embeddable":true,"href":"https:\/\/linitiative.ca\/International\/wp-json\/wp\/v2\/categories?post=144350"},{"taxonomy":"post_tag","embeddable":true,"href":"https:\/\/linitiative.ca\/International\/wp-json\/wp\/v2\/tags?post=144350"}],"curies":[{"name":"wp","href":"https:\/\/api.w.org\/{rel}","templated":true}]}}