{"id":144352,"date":"2022-03-30T16:18:02","date_gmt":"2022-03-30T20:18:02","guid":{"rendered":"https:\/\/linitiative.ca\/International\/recapitalisation-du-prix-felix-houphouet-boigny-pour-la-paix\/"},"modified":"2022-03-30T16:18:02","modified_gmt":"2022-03-30T20:18:02","slug":"recapitalisation-du-prix-felix-houphouet-boigny-pour-la-paix","status":"publish","type":"post","link":"https:\/\/linitiative.ca\/International\/recapitalisation-du-prix-felix-houphouet-boigny-pour-la-paix\/","title":{"rendered":"Recapitalisation du Prix F\u00e9lix Houphou\u00ebt-Boigny pour la paix"},"content":{"rendered":"<div>\n<p><img decoding=\"async\" width=\"327\" height=\"200\" src=\"https:\/\/linitiative.ca\/International\/wp-content\/uploads\/sites\/23\/2022\/03\/16486714835567.jpg\" class=\"attachment-post-thumbnail size-post-thumbnail wp-post-image\" alt=\"\" loading=\"lazy\" srcset=\"https:\/\/linitiative.ca\/International\/wp-content\/uploads\/sites\/23\/2022\/03\/16486714835567.jpg 327w, https:\/\/www.journalducameroun.com\/wp-content\/uploads\/2022\/03\/16486714835567-300x183.jpg 300w\" sizes=\"auto, (max-width: 327px) 100vw, 327px\"><\/p>\n<p>Le Prix a \u00e9t\u00e9 cr\u00e9\u00e9 en 1989 par l&rsquo;Unesco.Le gouvernement ivoirien a adopt\u00e9, ce mercredi en Conseil des ministres, la recapitalisation du Prix F\u00e9lix Houphou\u00ebt-Boigny pour la recherche de la paix de l&rsquo;Organisation des Nations unies pour l&rsquo;\u00e9ducation, la science et la culture (Unesco) \u00e0 hauteur de 6 millions de dollars, soit 3,52 milliards Fcfa.<\/p>\n<p>La distinction vise \u00e0 rendre hommage \u00e0 l&rsquo;action du pr\u00e9sident F\u00e9lix Houphou\u00ebt-Boigny, premier pr\u00e9sident de la C\u00f4te d&rsquo;Ivoire ind\u00e9pendante, en faveur de la paix dans le monde, a indiqu\u00e9 \u00e0 la presse le porte-parole du gouvernement, Amadou Coulibaly, \u00e0 l&rsquo;issue de la r\u00e9union gouvernementale. \u00a0 \u00a0<\/p>\n<p>Selon lui, l&rsquo;op\u00e9ration de recapitalisation devrait permettre d&rsquo;assurer la survie du Prix \u00a0et co-relativement de perp\u00e9tuer l&rsquo;oeuvre de paix et la comm\u00e9moration de la m\u00e9moire du d\u00e9funt pr\u00e9sident qui a dirig\u00e9 la C\u00f4te d&rsquo;Ivoire de 1960 \u00e0 1993.<\/p>\n<p>Cet article <a rel=\"nofollow\" href=\"https:\/\/www.journalducameroun.com\/recapitalisation-du-prix-felix-houphouet-boigny-pour-la-paix\/\">Recapitalisation du Prix F\u00e9lix Houphou\u00ebt-Boigny pour la paix<\/a> est apparu en premier sur <a rel=\"nofollow\" href=\"https:\/\/www.journalducameroun.com\/\">Journal du Cameroun<\/a>.<\/p>\n<\/div>\n<p>Auteur: APA News<br \/>\n<a href=\"https:\/\/www.journalducameroun.com\/recapitalisation-du-prix-felix-houphouet-boigny-pour-la-paix\/\">Cliquez ici pour lire l&rsquo;article depuis sa source.<\/a><\/p>\n","protected":false},"excerpt":{"rendered":"<p>Le Prix a \u00e9t\u00e9 cr\u00e9\u00e9 en 1989 par l&rsquo;Unesco.Le gouvernement ivoirien a adopt\u00e9, ce mercredi en Conseil des ministres, la recapitalisation du Prix F\u00e9lix Houphou\u00ebt-Boigny pour la recherche de la paix de l&rsquo;Organisation des Nations unies pour l&rsquo;\u00e9ducation, la science et la culture (Unesco) \u00e0 hauteur de 6 millions de dollars, soit 3,52 milliards Fcfa. [&hellip;]<\/p>\n","protected":false},"author":1965,"featured_media":0,"comment_status":"closed","ping_status":"closed","sticky":false,"template":"","format":"standard","meta":{"fifu_image_url":"https:\/\/www.journalducameroun.com\/wp-content\/uploads\/2022\/03\/16486714835567.jpg","fifu_image_alt":"Recapitalisation du Prix F\u00e9lix Houphou\u00ebt-Boigny pour la paix","footnotes":""},"categories":[73,82],"tags":[],"class_list":["post-144352","post","type-post","status-publish","format-standard","hentry","category-actualite","category-cameroun"],"_links":{"self":[{"href":"https:\/\/linitiative.ca\/International\/wp-json\/wp\/v2\/posts\/144352","targetHints":{"allow":["GET"]}}],"collection":[{"href":"https:\/\/linitiative.ca\/International\/wp-json\/wp\/v2\/posts"}],"about":[{"href":"https:\/\/linitiative.ca\/International\/wp-json\/wp\/v2\/types\/post"}],"author":[{"embeddable":true,"href":"https:\/\/linitiative.ca\/International\/wp-json\/wp\/v2\/users\/1965"}],"replies":[{"embeddable":true,"href":"https:\/\/linitiative.ca\/International\/wp-json\/wp\/v2\/comments?post=144352"}],"version-history":[{"count":0,"href":"https:\/\/linitiative.ca\/International\/wp-json\/wp\/v2\/posts\/144352\/revisions"}],"wp:attachment":[{"href":"https:\/\/linitiative.ca\/International\/wp-json\/wp\/v2\/media?parent=144352"}],"wp:term":[{"taxonomy":"category","embeddable":true,"href":"https:\/\/linitiative.ca\/International\/wp-json\/wp\/v2\/categories?post=144352"},{"taxonomy":"post_tag","embeddable":true,"href":"https:\/\/linitiative.ca\/International\/wp-json\/wp\/v2\/tags?post=144352"}],"curies":[{"name":"wp","href":"https:\/\/api.w.org\/{rel}","templated":true}]}}