{"id":144355,"date":"2022-03-30T12:40:23","date_gmt":"2022-03-30T16:40:23","guid":{"rendered":"https:\/\/linitiative.ca\/International\/recherche-en-sante-humaine-le-gouvernement-veut-se-doter-dun-cadre-juridique-pour-limiter-les-derives-medicales\/"},"modified":"2022-03-30T12:40:23","modified_gmt":"2022-03-30T16:40:23","slug":"recherche-en-sante-humaine-le-gouvernement-veut-se-doter-dun-cadre-juridique-pour-limiter-les-derives-medicales","status":"publish","type":"post","link":"https:\/\/linitiative.ca\/International\/recherche-en-sante-humaine-le-gouvernement-veut-se-doter-dun-cadre-juridique-pour-limiter-les-derives-medicales\/","title":{"rendered":"Recherche en sant\u00e9 humaine : le gouvernement veut se doter d\u2019un cadre juridique pour limiter les d\u00e9rives m\u00e9dicales"},"content":{"rendered":"<div>\n<p>Tout est parti d\u2019un constat. Celui de la constance des irr\u00e9gularit\u00e9s et des violations \u00e9thiques et d\u00e9ontologiques dans le cadre de la recherche en sant\u00e9 humaine au Cameroun, depuis la mise sur pied d\u2019une premi\u00e8re r\u00e9glementation en 2004. Bien que celle-ci \u00e9non\u00e7ait clairement l\u2019urgence et la n\u00e9cessit\u00e9 de prot\u00e9ger les droits et la dignit\u00e9 des participants \u00e0 la recherche, il est arriv\u00e9 plusieurs fois par le pass\u00e9 que ces principes ne soient pas respect\u00e9s. Notamment, au d\u00e9but des ann\u00e9es 2000, o\u00f9 des professionnelles du sexe ont \u00e9t\u00e9\u00a0 soumises\u00a0 \u00e0 l\u2019essai d\u2019un traitement pr\u00e9ventif contre le Sida en violation de la r\u00e9glementation en vigueur, et plus r\u00e9cemment, au plus fort de la pand\u00e9mie de Covid-19, ou le gouvernement avoue qu\u2019au Cameroun, comme partout ailleurs, on a assist\u00e9 \u00e0 un foisonnement d\u2019\u2019essais th\u00e9rapeutiques \u00absans contr\u00f4le\u00bb. C\u2019est au regard de cette conjoncture pr\u00e9caire que l\u2019Etat a d\u00e9cid\u00e9 de d\u00e9poser mardi 29 mars 2022, \u00e0 la chambre basse du parlement, le Projet de\u00a0 loi\u00a0 N<sup>0<\/sup>2018, relatif \u00e0 la recherche m\u00e9dicale impliquant la personne humaine au Cameroun.<\/p>\n<p><strong>Lire aussi : <a href=\"https:\/\/ecomatin.net\/parlement-une-loi-pour-proteger-le-patrimoine-routier-en-etude2\/\">Parlement: une loi pour prot\u00e9ger le patrimoine routier en \u00e9tude\u00a0<\/a><\/strong><\/p>\n<p>Tel qu\u2019\u00e9nonc\u00e9 dans le libell\u00e9 dudit projet de loi,\u00a0 il \u00ab d\u00e9termine les potentiels participants \u00e0 la recherche que sont notamment les personnes vivantes,\u00a0les personnes d\u00e9c\u00e9d\u00e9es, les groupes sociologiques, les personnes vuln\u00e9rables, les personnes majeures incapables, les femmes enceintes, les embryons et les f\u0153tus in vivo, et pr\u00e9cise les conditions de leur enr\u00f4lement dans tout projet de recherche\u00bb. Il se veut \u00e9galement un cadre de r\u00e9f\u00e9rence en ce qui concerne les \u00abr\u00e8gles \u00e0 observer dans le cadre de la recherche en sant\u00e9 et celles relatives aux obligations de l\u2019investisseur et du promoteur d\u2019un projet de recherche m\u00e9dicale, ainsi qu\u2019aux sanctions applicables, en cas de manquement \u00e0 leurs obligations \u00e0 l\u2019\u00e9gard des participants\u00bb. En plus de cela, \u00ab Il organise de mani\u00e8re sp\u00e9cifique, la mise en \u0153uvre des essais cliniques \u00e0 travers l\u2019encadrement du suivi des essais, le choix du groupe t\u00e9moin, ainsi que la d\u00e9termination des conditions d\u2019utilisation du groupe placebo\u00bb. Pour finir, le Projet de\u00a0 loi\u00a0 relatif \u00e0 la recherche m\u00e9dicale impliquant la personne humaine au Cameroun, va \u00e9galement mettre un accent particulier sur \u00ab la libert\u00e9 de consentement du participant \u00e0 la recherche, le droit \u00e0 l\u2019information et le consentement libre, \u00e9clair\u00e9 et \u00e9crit du participant \u00e0 un projet de recherche, le respect de sa vie priv\u00e9e et la confidentialit\u00e9 des donn\u00e9es personnelles [\u2026] le respect de l\u2019int\u00e9grit\u00e9, de la dignit\u00e9 et de la vuln\u00e9rabilit\u00e9 humaine etc.\u00bb.<\/p>\n<p><strong>Lire aussi : <a href=\"https:\/\/ecomatin.net\/face-aux-deputes-gaston-eloundou-essomba-nexclut-pas-une-persistance-des-coupures-electriques\/\">Face aux d\u00e9put\u00e9s, Gaston Eloundou Essomba n\u2019exclut pas une persistance des coupures \u00e9lectriques<\/a><\/strong><\/p>\n<p>Le texte de loi comporte 72 articles, regroup\u00e9s en 8 chapitres. Il pr\u00e9voit \u00e9galement des sanctions administratives, financi\u00e8res et p\u00e9nales contre l\u2019instigateur ou le promoteur d\u2019un projet de recherche m\u00e9dicale qui s\u2019\u00e9cartent\u00a0 des normes \u00e9dict\u00e9es plus haut. \u00ab1 million \u00e0 100 millions de Fcfa pour celui qui r\u00e9alise un projet de recherche sans avoir obtenu la clairance \u00e9thique et l\u2019autorisation administrative de recherche. 50 millions \u00e0 200 millions de Fcfa, pour le promoteur qui initie une recherche m\u00e9dicale sans souscrire \u00e0 une police d\u2019assurance couvrant les risques \u00e9ventuels etc.\u00bb. Quant aux peines de prison, elles vont d\u2019un mois de prison \u00e0 la prison \u00e0 perp\u00e9tuit\u00e9 pour des motifs ayant trait \u00e0 une violation des r\u00e8gles \u00e9num\u00e9r\u00e9es plus haut. En d\u00e9finitive,\u00a0l\u2019adoption de ce projet de loi permettra au Cameroun de disposer d\u2019un cadre juridique s\u00e9curisant pour les populations tout en garantissant la qualit\u00e9 et les normes internationales applicables en mati\u00e8re de recherche en sant\u00e9 humaine.<\/p>\n<p><strong>Lire aussi : <a href=\"https:\/\/ecomatin.net\/le-cameroun-veut-monter-en-puissance-dans-la-lutte-contre-la-cybercriminalite\/\">Le Cameroun veut monter en puissance dans la lutte contre la Cybercriminalit\u00e9<\/a><\/strong><\/p>\n<p>L\u2019article <a rel=\"nofollow\" href=\"https:\/\/ecomatin.net\/recherche-en-sante-humaine-le-gouvernement-veut-se-doter-dun-cadre-juridique-pour-limiter-les-derives-medicales\/\">Recherche en sant\u00e9 humaine : le gouvernement veut se doter d\u2019un cadre juridique pour limiter les d\u00e9rives m\u00e9dicales<\/a> est apparu en premier sur <a rel=\"nofollow\" href=\"https:\/\/ecomatin.net\/\">EcoMatin<\/a>.<\/p>\n<\/div>\n<p>Auteur: Paul Tjeg<br \/>\n<a href=\"https:\/\/ecomatin.net\/recherche-en-sante-humaine-le-gouvernement-veut-se-doter-dun-cadre-juridique-pour-limiter-les-derives-medicales\/\">Cliquez ici pour lire l&rsquo;article depuis sa source.<\/a><\/p>\n","protected":false},"excerpt":{"rendered":"<p>Tout est parti d\u2019un constat. Celui de la constance des irr\u00e9gularit\u00e9s et des violations \u00e9thiques et d\u00e9ontologiques dans le cadre de la recherche en sant\u00e9 humaine au Cameroun, depuis la mise sur pied d\u2019une premi\u00e8re r\u00e9glementation en 2004. Bien que celle-ci \u00e9non\u00e7ait clairement l\u2019urgence et la n\u00e9cessit\u00e9 de prot\u00e9ger les droits et la dignit\u00e9 des [&hellip;]<\/p>\n","protected":false},"author":1969,"featured_media":0,"comment_status":"closed","ping_status":"closed","sticky":false,"template":"","format":"standard","meta":{"fifu_image_url":"","fifu_image_alt":"","footnotes":""},"categories":[82,78],"tags":[],"class_list":["post-144355","post","type-post","status-publish","format-standard","hentry","category-cameroun","category-economie"],"_links":{"self":[{"href":"https:\/\/linitiative.ca\/International\/wp-json\/wp\/v2\/posts\/144355","targetHints":{"allow":["GET"]}}],"collection":[{"href":"https:\/\/linitiative.ca\/International\/wp-json\/wp\/v2\/posts"}],"about":[{"href":"https:\/\/linitiative.ca\/International\/wp-json\/wp\/v2\/types\/post"}],"author":[{"embeddable":true,"href":"https:\/\/linitiative.ca\/International\/wp-json\/wp\/v2\/users\/1969"}],"replies":[{"embeddable":true,"href":"https:\/\/linitiative.ca\/International\/wp-json\/wp\/v2\/comments?post=144355"}],"version-history":[{"count":0,"href":"https:\/\/linitiative.ca\/International\/wp-json\/wp\/v2\/posts\/144355\/revisions"}],"wp:attachment":[{"href":"https:\/\/linitiative.ca\/International\/wp-json\/wp\/v2\/media?parent=144355"}],"wp:term":[{"taxonomy":"category","embeddable":true,"href":"https:\/\/linitiative.ca\/International\/wp-json\/wp\/v2\/categories?post=144355"},{"taxonomy":"post_tag","embeddable":true,"href":"https:\/\/linitiative.ca\/International\/wp-json\/wp\/v2\/tags?post=144355"}],"curies":[{"name":"wp","href":"https:\/\/api.w.org\/{rel}","templated":true}]}}