{"id":144357,"date":"2022-03-30T12:57:42","date_gmt":"2022-03-30T16:57:42","guid":{"rendered":"https:\/\/linitiative.ca\/International\/ubc-plc-le-conseil-dadministration-finalise-le-processus-de-restructuration-et-de-recapitalisation-de-la-banque\/"},"modified":"2022-03-30T12:57:42","modified_gmt":"2022-03-30T16:57:42","slug":"ubc-plc-le-conseil-dadministration-finalise-le-processus-de-restructuration-et-de-recapitalisation-de-la-banque","status":"publish","type":"post","link":"https:\/\/linitiative.ca\/International\/ubc-plc-le-conseil-dadministration-finalise-le-processus-de-restructuration-et-de-recapitalisation-de-la-banque\/","title":{"rendered":"UBC Plc.\u00a0: le conseil d\u2019administration finalise le processus de restructuration et de recapitalisation de la banque"},"content":{"rendered":"<div>\n<p>Le conseil d\u2019administration de l\u2019Union Bank of Cameroon PLC (UBC), se r\u00e9unira le 31 mars 2022 \u00e0 Douala, en Assembl\u00e9e g\u00e9n\u00e9rale extraordinaire. \u00ab\u00a0Le conseil d\u2019administration de UNION BANK OF CAMEROON PLC, soci\u00e9t\u00e9 anonyme au capital de FCFA 20.000.000.000 (vingt milliards), (\u2026) invite les actionnaires \u00e0 une assembl\u00e9 g\u00e9n\u00e9rale extraordinaire, le jeudi 31 mars 2022 \u00e0 13 heures pr\u00e9cises \u00e0 l\u2019h\u00f4tel Sawa \u00e0 Douala\u00a0\u00bb, peut-on lire dans l\u2019avis \u00e0 convocation rendu public.<\/p>\n<p><strong>Lire aussi : <a href=\"https:\/\/ecomatin.net\/nfc-bank-ubc-plc-dg-et-pca-sont-connus\/\" target=\"_blank\" rel=\"noreferrer noopener\">NFC-Bank\/UBC PLC. : DG et PCA sont connus<\/a><\/strong><\/p>\n<p>Neuf points sont alors inscrits \u00e0 l\u2019ordre du jour de ce rencontre. Parmi ceux-ci l\u2019on a la mise\u00a0\u00a0jour sur le processus de restructuration\u00a0; la finalisation du processus de restructuration et de recapitalisation de UBC\u00a0; la lecture, correction et adoption du proc\u00e8s-verbal de la derni\u00e8re Assembl\u00e9e g\u00e9n\u00e9rale extraordinaire du 22 novembre 2021 et les d\u00e9lib\u00e9rations y relative, etc\u2026<\/p>\n<p><strong>Lire aussi : <a href=\"https:\/\/ecomatin.net\/secteur-bancaire-ecobank-se-retire-du-capital-de-ubc-plc\/\" target=\"_blank\" rel=\"noreferrer noopener\">Secteur bancaire : Ecobank se retire du capital de UBC Plc.<\/a><\/strong><\/p>\n<p>Concernant\u00a0\u00a0la finalisation du processus de restructuration et de recapitalisation de UBC, il est pr\u00e9vu de passer en revue la contribution des actionnaires \u00e0 l\u2019insuffisance d\u2019actifs\u00a0; le projet de nouvel actionnariat (g\u00e9ographie du capital) de UBC\u00a0; la p\u00e9riode de lib\u00e9ration du capital pour la nouvelle UBC et les nouveaux instruments de gouvernance (conventions, statuts etc). Les membres du conseil d\u2019administration proc\u00e9deront \u00e0 une validation formelle de toutes les d\u00e9cisions d\u00e9j\u00e0 prise \u00e0 l\u2019endroit de la banque qui est en pleine restructuration, par l\u2019Etat pour un co\u00fbt de 17,681 milliards de Fcfa.<\/p>\n<p><strong>Lire aussi : <a href=\"https:\/\/ecomatin.net\/les-details-sur-la-restructuration-de-nfc-bank-et-ubc-plc\/\" target=\"_blank\" rel=\"noreferrer noopener\">Les d\u00e9tails sur la restructuration de NFC Bank et UBC Plc.<\/a><\/strong><\/p>\n<p>Mais il convient quand m\u00eame de signaler que l\u2019\u00e9tablissement bancaire dispose depuis peu de tous ses organes sociaux. On sait que c\u2019est depuis le 2 d\u00e9cembre dernier que\u00a0Charlotte Chekep Kouecheu y exerce au poste de Directeur G\u00e9n\u00e9ral. Elle sera assist\u00e9e dans ses fonctions par Diwouta Christian nomm\u00e9 DGA. La pr\u00e9sidence du Conseil d\u2019Administration est assur\u00e9e d\u00e9sormais par le Pr Touna Mama. Il si\u00e8ge au conseil avec Olle Lionel, Chouame Alexandre et Abdoulaye Karim Hayatou respectivement repr\u00e9sentants de la Pr\u00e9sidence de la R\u00e9publique, du Premier Minist\u00e8re et du minist\u00e8re des finances.<\/p>\n<p>L\u2019article <a rel=\"nofollow\" href=\"https:\/\/ecomatin.net\/ubc-plc-le-conseil-dadministration-n-finalise-le-processus-de-restructuration-et-de-recapitalisation-de-la-banque\/\">UBC Plc.\u00a0: le conseil d\u2019administration finalise le processus de restructuration et de recapitalisation de la banque<\/a> est apparu en premier sur <a rel=\"nofollow\" href=\"https:\/\/ecomatin.net\/\">EcoMatin<\/a>.<\/p>\n<\/div>\n<p>Auteur: Cindy MBALA<br \/>\n<a href=\"https:\/\/ecomatin.net\/ubc-plc-le-conseil-dadministration-n-finalise-le-processus-de-restructuration-et-de-recapitalisation-de-la-banque\/\">Cliquez ici pour lire l&rsquo;article depuis sa source.<\/a><\/p>\n","protected":false},"excerpt":{"rendered":"<p>Le conseil d\u2019administration de l\u2019Union Bank of Cameroon PLC (UBC), se r\u00e9unira le 31 mars 2022 \u00e0 Douala, en Assembl\u00e9e g\u00e9n\u00e9rale extraordinaire. \u00ab\u00a0Le conseil d\u2019administration de UNION BANK OF CAMEROON PLC, soci\u00e9t\u00e9 anonyme au capital de FCFA 20.000.000.000 (vingt milliards), (\u2026) invite les actionnaires \u00e0 une assembl\u00e9 g\u00e9n\u00e9rale extraordinaire, le jeudi 31 mars 2022 \u00e0 [&hellip;]<\/p>\n","protected":false},"author":1969,"featured_media":0,"comment_status":"closed","ping_status":"closed","sticky":false,"template":"","format":"standard","meta":{"fifu_image_url":"","fifu_image_alt":"","footnotes":""},"categories":[82,78],"tags":[],"class_list":["post-144357","post","type-post","status-publish","format-standard","hentry","category-cameroun","category-economie"],"_links":{"self":[{"href":"https:\/\/linitiative.ca\/International\/wp-json\/wp\/v2\/posts\/144357","targetHints":{"allow":["GET"]}}],"collection":[{"href":"https:\/\/linitiative.ca\/International\/wp-json\/wp\/v2\/posts"}],"about":[{"href":"https:\/\/linitiative.ca\/International\/wp-json\/wp\/v2\/types\/post"}],"author":[{"embeddable":true,"href":"https:\/\/linitiative.ca\/International\/wp-json\/wp\/v2\/users\/1969"}],"replies":[{"embeddable":true,"href":"https:\/\/linitiative.ca\/International\/wp-json\/wp\/v2\/comments?post=144357"}],"version-history":[{"count":0,"href":"https:\/\/linitiative.ca\/International\/wp-json\/wp\/v2\/posts\/144357\/revisions"}],"wp:attachment":[{"href":"https:\/\/linitiative.ca\/International\/wp-json\/wp\/v2\/media?parent=144357"}],"wp:term":[{"taxonomy":"category","embeddable":true,"href":"https:\/\/linitiative.ca\/International\/wp-json\/wp\/v2\/categories?post=144357"},{"taxonomy":"post_tag","embeddable":true,"href":"https:\/\/linitiative.ca\/International\/wp-json\/wp\/v2\/tags?post=144357"}],"curies":[{"name":"wp","href":"https:\/\/api.w.org\/{rel}","templated":true}]}}