{"id":144359,"date":"2022-03-31T08:00:42","date_gmt":"2022-03-31T12:00:42","guid":{"rendered":"https:\/\/linitiative.ca\/International\/ahmed-rahhou-decrypte-les-grandes-lignes-a-la-cfcim\/"},"modified":"2022-03-31T08:00:42","modified_gmt":"2022-03-31T12:00:42","slug":"ahmed-rahhou-decrypte-les-grandes-lignes-a-la-cfcim","status":"publish","type":"post","link":"https:\/\/linitiative.ca\/International\/ahmed-rahhou-decrypte-les-grandes-lignes-a-la-cfcim\/","title":{"rendered":"Ahmed Rahhou d\u00e9crypte les grandes lignes  \u00e0 la CFCIM"},"content":{"rendered":"<div>\n<p><img loading=\"lazy\" decoding=\"async\" width=\"300\" height=\"153\" src=\"https:\/\/linitiative.ca\/International\/wp-content\/uploads\/sites\/23\/2022\/03\/ahmed-rahhou-Conseil-de-la-concurrence-300x153-1.jpg\" class=\"attachment-medium size-medium wp-post-image\" alt=\"\" srcset=\"https:\/\/linitiative.ca\/International\/wp-content\/uploads\/sites\/23\/2022\/03\/ahmed-rahhou-Conseil-de-la-concurrence-300x153-1.jpg 300w, https:\/\/aujourdhui.ma\/wp-content\/uploads\/2021\/11\/ahmed-rahhou-Conseil-de-la-concurrence-274x140.jpg 274w, https:\/\/aujourdhui.ma\/wp-content\/uploads\/2021\/11\/ahmed-rahhou-Conseil-de-la-concurrence.jpg 746w, https:\/\/aujourdhui.ma\/wp-content\/uploads\/2021\/11\/ahmed-rahhou-Conseil-de-la-concurrence-165x84.jpg 165w, https:\/\/aujourdhui.ma\/wp-content\/uploads\/2021\/11\/ahmed-rahhou-Conseil-de-la-concurrence-702x358.jpg 702w\" sizes=\"auto, (max-width: 300px) 100vw, 300px\"><\/p>\n<p><span style=\"font-size: 20px; color: #800000;\"><strong>Guide de la mise en conformit\u00e9 des entreprises au titre de la concurrence<\/strong><\/span><span id=\"more-403917\"><\/span><\/p>\n<p><span style=\"color: #ff0000;\">Cette rencontre a \u00e9t\u00e9 une occasion pour mettre le point sur les contraintes pos\u00e9es par la loi pour le respect de la concurrence ainsi que d\u00e9terminer les devoirs de tout un chacun en mati\u00e8re de concurrence.<\/span><\/p>\n<p>Le Conseil de la concurrence promeut la culture de conformit\u00e9 aupr\u00e8s des entreprises fran\u00e7aises. Ahmed Rahhou, pr\u00e9sident du Conseil, a \u00e9t\u00e9 l\u2019invit\u00e9 de la Chambre fran\u00e7aise de commerce et d\u2019industrie du Maroc (CFCIM) pour pr\u00e9senter les grandes lignes du guide de la mise en conformit\u00e9 des entreprises au titre de la concurrence.<br \/>\nLe but \u00e9tant d\u2019orienter les organisations professionnelles pour disposer d\u2019un dispositif de conformit\u00e9 au droit de la concurrence. Ce dispositif peut \u00eatre \u00e9tabli sur une base autonome ou bien int\u00e9gr\u00e9 \u00e0 une politique plus globale de conformit\u00e9 aux r\u00e8gles et normes en vigueur tels que la corruption, le financement d\u2019activit\u00e9s illicites, le blanchiment d\u2019argent ou encore la protection des donn\u00e9es personnelles. Cette rencontre a laquelle a pris part le pr\u00e9sident de la CFCIM, Jean-Pascal Darriet a \u00e9t\u00e9 une occasion pour mettre le point sur les contraintes pos\u00e9es par la loi pour le respect de la concurrence ainsi que d\u00e9terminer les devoirs de tout un chacun en mati\u00e8re de concurrence.<\/p>\n<p>\u00abLe pr\u00e9sident du Conseil est venu nous aider \u00e0 d\u00e9crypter ce guide qui vient d\u2019\u00eatre \u00e9dit\u00e9 il y a d\u00e9j\u00e0 quelques semaines et \u00e0 le comprendre pour en faciliter la mise en application\u00bb, souligne M. Darriet. Et de poursuivre que \u00abc\u2019est une fa\u00e7on d\u2019\u00e9lever la capacit\u00e9 des entreprises et des organismes en cette mise en conformit\u00e9 qui est un gage de maturit\u00e9 pour l\u2019ensemble des entreprises au regard de la concurrence, une fa\u00e7on de positionner aussi le Maroc au plus haut niveau dans les \u00e9changes mondiaux\u00bb. Pour sa part, Ahmed Rahhou a indiqu\u00e9 lors de son intervention que le Conseil de la concurrence intervient \u00abpour donner des explications, r\u00e9pondre aux pr\u00e9occupations des op\u00e9rateurs en la mati\u00e8re et d\u2019interagir, entre autres, sur les op\u00e9rations de fusions-acquisitions, de concentration et sur les modalit\u00e9s op\u00e9rationnelles qui permettent de bien travailler avec le Conseil\u00bb. Dans une d\u00e9marche de sensibilisation au tissu entrepreneurial marocain, le Conseil de la concurrence a planifi\u00e9 une s\u00e9rie de rencontres avec le monde des affaires, notamment avec la Conf\u00e9d\u00e9ration g\u00e9n\u00e9rale des entreprises du Maroc.<\/p>\n<p>De m\u00eame un cycle de contacts est mis sur les rails cr\u00e9ant ainsi davantage de proximit\u00e9 entre le Conseil de la concurrence, les grandes f\u00e9d\u00e9rations et les grandes associations professionnelles au niveau national. Dans le d\u00e9tail, le Guide du Conseil de la concurrence dote les entreprises et les organisations professionnels d\u2019outils n\u00e9cessaires pour construire un programme optimal de conformit\u00e9 au droit de la concurrence. Ce cadre g\u00e9n\u00e9ral liste une batterie de recommandations portant sur les \u00e9tapes \u00e0 suivre pour d\u00e9velopper une vraie culture de conformit\u00e9 tout en tenant compte des bonnes pratiques. Le guide oriente par ailleurs les entreprises par rapport aux opportunit\u00e9s \u00e0 saisir en termes de concurrence libre et loyale. L\u2019id\u00e9e \u00e9tant de les aider \u00e0 am\u00e9liorer leurs comp\u00e9titivit\u00e9s, \u00e0 d\u00e9velopper leurs innovations et \u00e0 faciliter leurs acc\u00e8s aux march\u00e9s et aux ressources.<\/p>\n<div class=\"base-box mom_box_sc_custom mom_box_sc clear\" style=\"-moz-border-radius: 5px; border-radius: 5px;background-color:#fddeef;\">\n<p><span style=\"font-size: 24px; color: #ff0000;\"><strong>Concurrence : Le Maroc et la Gr\u00e8ce scellent un partenariat <\/strong><\/span><br \/>\n<img loading=\"lazy\" decoding=\"async\" class=\"aligncenter size-full wp-image-403926\" src=\"https:\/\/linitiative.ca\/International\/wp-content\/uploads\/sites\/23\/2022\/03\/Concurrence-partenariat-Maroc-et-la-GreCC80ce.jpg\" alt=\"\" width=\"746\" height=\"380\" srcset=\"https:\/\/linitiative.ca\/International\/wp-content\/uploads\/sites\/23\/2022\/03\/Concurrence-partenariat-Maroc-et-la-GreCC80ce.jpg 746w, https:\/\/aujourdhui.ma\/wp-content\/uploads\/2022\/03\/Concurrence-partenariat-Maroc-et-la-Gre\u0300ce-300x153.jpg 300w, https:\/\/aujourdhui.ma\/wp-content\/uploads\/2022\/03\/Concurrence-partenariat-Maroc-et-la-Gre\u0300ce-274x140.jpg 274w, https:\/\/aujourdhui.ma\/wp-content\/uploads\/2022\/03\/Concurrence-partenariat-Maroc-et-la-Gre\u0300ce-165x84.jpg 165w, https:\/\/aujourdhui.ma\/wp-content\/uploads\/2022\/03\/Concurrence-partenariat-Maroc-et-la-Gre\u0300ce-702x358.jpg 702w\" sizes=\"auto, (max-width: 746px) 100vw, 746px\"><\/p>\n<p>Le Maroc et la Gr\u00e8ce renforcent leur partenariat en mati\u00e8re de concurrence. Le Conseil de la concurrence et la Commission hell\u00e9nique de la concurrence ont sign\u00e9, mardi 29 mars \u00e0 Rabat, un m\u00e9morandum d\u2019entente (MoU) en vue de promouvoir la coop\u00e9ration entre les deux institutions dans plusieurs domaines. \u00abCe m\u00e9morandum, sign\u00e9 par le pr\u00e9sident du Conseil de la concurrence, Ahmed Rahhou, et Ioannis Lianos, pr\u00e9sident de Commission hell\u00e9nique de la concurrence, vient renforcer davantage les relations de partenariat entre le Royaume du Maroc et la R\u00e9publique Hell\u00e9nique\u00bb, indique le Conseil de la concurrence dans un communiqu\u00e9.<\/p>\n<p>Ainsi, la coop\u00e9ration bilat\u00e9rale entre les deux instances permettra d\u2019optimiser le cadre du jumelage institutionnel, conclu entre le Conseil de la concurrence du Royaume du Maroc et un consortium compos\u00e9 de la Commission hell\u00e9nique de la concurrence (Gr\u00e8ce), l\u2019Autorit\u00e9 de protection de la concurrence et des consommateurs polonaise (Pologne) et l\u2019Autorit\u00e9 Italienne de la concurrence (Italie).<\/p>\n<p>Le m\u00e9morandum vise \u00e0 promouvoir la coop\u00e9ration dans les domaines de la politique et du droit de la concurrence, \u00e0 d\u00e9velopper les \u00e9changes en termes d\u2019acquis et d\u2019expertise concernant la r\u00e9gulation et la jurisprudence en mati\u00e8re du droit de la concurrence ainsi qu\u2019\u00e0 \u00e9changer les bonnes pratiques ayant trait aux aspects proc\u00e9duraux, m\u00e9thodologiques et techniques d\u2019instructions, d\u2019enqu\u00eates et de r\u00e9alisations des \u00e9tudes sectorielles.<\/p>\n<\/div>\n<\/div>\n<p>Auteur: Kawtar Tali<br \/>\n<a href=\"https:\/\/aujourdhui.ma\/economie\/ahmed-rahhou-decrypte-les-grandes-lignes-a-la-cfcim\">Cliquez ici pour lire l&rsquo;article depuis sa source.<\/a><\/p>\n","protected":false},"excerpt":{"rendered":"<p>Guide de la mise en conformit\u00e9 des entreprises au titre de la concurrence Cette rencontre a \u00e9t\u00e9 une occasion pour mettre le point sur les contraintes pos\u00e9es par la loi pour le respect de la concurrence ainsi que d\u00e9terminer les devoirs de tout un chacun en mati\u00e8re de concurrence. Le Conseil de la concurrence promeut [&hellip;]<\/p>\n","protected":false},"author":1759,"featured_media":0,"comment_status":"closed","ping_status":"closed","sticky":false,"template":"","format":"standard","meta":{"fifu_image_url":"https:\/\/aujourdhui.ma\/wp-content\/uploads\/2021\/11\/ahmed-rahhou-Conseil-de-la-concurrence-300x153.jpg","fifu_image_alt":"Ahmed Rahhou d\u00e9crypte les grandes lignes  \u00e0 la CFCIM","footnotes":""},"categories":[73,54],"tags":[],"class_list":["post-144359","post","type-post","status-publish","format-standard","hentry","category-actualite","category-maroc"],"_links":{"self":[{"href":"https:\/\/linitiative.ca\/International\/wp-json\/wp\/v2\/posts\/144359","targetHints":{"allow":["GET"]}}],"collection":[{"href":"https:\/\/linitiative.ca\/International\/wp-json\/wp\/v2\/posts"}],"about":[{"href":"https:\/\/linitiative.ca\/International\/wp-json\/wp\/v2\/types\/post"}],"author":[{"embeddable":true,"href":"https:\/\/linitiative.ca\/International\/wp-json\/wp\/v2\/users\/1759"}],"replies":[{"embeddable":true,"href":"https:\/\/linitiative.ca\/International\/wp-json\/wp\/v2\/comments?post=144359"}],"version-history":[{"count":0,"href":"https:\/\/linitiative.ca\/International\/wp-json\/wp\/v2\/posts\/144359\/revisions"}],"wp:attachment":[{"href":"https:\/\/linitiative.ca\/International\/wp-json\/wp\/v2\/media?parent=144359"}],"wp:term":[{"taxonomy":"category","embeddable":true,"href":"https:\/\/linitiative.ca\/International\/wp-json\/wp\/v2\/categories?post=144359"},{"taxonomy":"post_tag","embeddable":true,"href":"https:\/\/linitiative.ca\/International\/wp-json\/wp\/v2\/tags?post=144359"}],"curies":[{"name":"wp","href":"https:\/\/api.w.org\/{rel}","templated":true}]}}