{"id":144366,"date":"2022-03-31T11:00:56","date_gmt":"2022-03-31T15:00:56","guid":{"rendered":"https:\/\/linitiative.ca\/International\/salon-international-mediterranean-tourism-market-agadir-souss-massa-dans-les-radars-des-to-israeliens\/"},"modified":"2022-03-31T11:00:56","modified_gmt":"2022-03-31T15:00:56","slug":"salon-international-mediterranean-tourism-market-agadir-souss-massa-dans-les-radars-des-to-israeliens","status":"publish","type":"post","link":"https:\/\/linitiative.ca\/International\/salon-international-mediterranean-tourism-market-agadir-souss-massa-dans-les-radars-des-to-israeliens\/","title":{"rendered":"Salon international Mediterranean Tourism Market  : Agadir Souss Massa dans les radars  des TO isra\u00e9liens"},"content":{"rendered":"<div>\n<p><img loading=\"lazy\" decoding=\"async\" width=\"300\" height=\"153\" src=\"https:\/\/linitiative.ca\/International\/wp-content\/uploads\/sites\/23\/2022\/03\/Salon-international-Mediterranean-Tourism-Market-300x153-1.jpg\" class=\"attachment-medium size-medium wp-post-image\" alt=\"\" srcset=\"https:\/\/linitiative.ca\/International\/wp-content\/uploads\/sites\/23\/2022\/03\/Salon-international-Mediterranean-Tourism-Market-300x153-1.jpg 300w, https:\/\/aujourdhui.ma\/wp-content\/uploads\/2022\/03\/Salon-international-Mediterranean-Tourism-Market-274x140.jpg 274w, https:\/\/aujourdhui.ma\/wp-content\/uploads\/2022\/03\/Salon-international-Mediterranean-Tourism-Market.jpg 746w, https:\/\/aujourdhui.ma\/wp-content\/uploads\/2022\/03\/Salon-international-Mediterranean-Tourism-Market-165x84.jpg 165w, https:\/\/aujourdhui.ma\/wp-content\/uploads\/2022\/03\/Salon-international-Mediterranean-Tourism-Market-702x358.jpg 702w\" sizes=\"auto, (max-width: 300px) 100vw, 300px\"><\/p>\n<p><span style=\"font-size: 20px; color: #800000;\"><strong>Pour 2022, l\u2019ONMT table sur 200.000 visiteurs en provenance du march\u00e9 isra\u00e9lien. Un nombre appel\u00e9 \u00e0 cro\u00eetre exponentiellement au courant des prochaines ann\u00e9es.<\/strong> <\/span><br \/>\n<span id=\"more-403936\"><\/span><\/p>\n<p>Le Salon international Mediterranean Tourism Market (IMTM ) \u00e0 Tel-Aviv tenu les 29 et 30 mars a \u00e9t\u00e9 marqu\u00e9 par une participation remarqu\u00e9e de la r\u00e9gion Souss-Massa repr\u00e9sent\u00e9e par le Conseil r\u00e9gional du tourisme d\u2019Agadir Souss Massa (CRT Agadir SM).<br \/>\nLa r\u00e9gion d\u2019Agadir Souss Massa \u00e9tait repr\u00e9sent\u00e9e lors de ce salon consid\u00e9r\u00e9 comme \u00e9tant le plus grand rendez-vous de l\u2019industrie touristique en Isra\u00ebl par Rachid Dahmaz, pr\u00e9sident du CRT d\u2019Agadir SM, et Sana Arabab, vice-pr\u00e9sidente du CRT.<br \/>\nDurant deux jours, le stand de Souss-Massa a \u00e9galement connu une bonne affluence des visiteurs venus prendre connaissance des offres de vacances, des nouveaut\u00e9s du secteur et des opportunit\u00e9s offertes pour cette destination qui offre une diversit\u00e9 des paysages, une ambiance humaine unique, un riche patrimoine artistique et des sites historiques d\u2019une valeur inestimable.<\/p>\n<p>Des rencontres de travail avec le plus grand tour-op\u00e9rateur isra\u00e9lien et la compagnie a\u00e9rienne d\u2019Isra\u00ebl ont \u00e9t\u00e9 programm\u00e9es pour d\u2019\u00e9ventuels partenariats en n\u00e9gociation.<br \/>\nLe nouveau film en h\u00e9breu r\u00e9alis\u00e9 par le CRT d\u2019Agadir SM gr\u00e2ce au soutien financier du Conseil r\u00e9gional Souss-Massa a \u00e9t\u00e9 projet\u00e9 lors du salon et remis aux homologues isra\u00e9liens participant \u00e0 cet important salon.<\/p>\n<p>Cette grand-messe du tourisme constitue l\u2019occasion pour les responsables et les professionnels du secteur au niveau de Souss-Massa de rencontrer de nombreux d\u00e9cideurs, clients et TO internationaux et de mettre en avant les atouts de la destination Souss-Massa qui aspire \u00e0 \u00eatre tr\u00e8s populaire aupr\u00e8s des touristes isra\u00e9liens. Dans ce sens, de nombreux h\u00f4tels \u00e0 Agadir pr\u00e9parent des mets sp\u00e9ciaux pour les visiteurs les plus religieux (Kascher). Alors que le CRT d\u2019Agadir Souss-Massa a d\u00e9j\u00e0 lanc\u00e9 une session de formation au profit des guides touristiques de la r\u00e9gion, avec un focus particulier sur la richesse de l\u2019histoire juive dans la r\u00e9gion dans la perspective d\u2019attirer et accueillir davantage de touristes isra\u00e9liens.<\/p>\n<p>Plusieurs opportunit\u00e9s de partenariat avec les homologues du tourisme d\u2019Isra\u00ebl ont \u00e9t\u00e9 constat\u00e9s au cours du salon, de passage au stand r\u00e9serv\u00e9 pour la r\u00e9gion d\u2019Agadir Souss Massa, mis en place au sein du grand stand de l\u2019ONMT.<br \/>\nIl va sans dire que le march\u00e9 isra\u00e9lien est ainsi un march\u00e9 strat\u00e9gique pour la destination Maroc et rec\u00e8le un important potentiel de croissance avec environ 8 millions d\u2019Isra\u00e9liens voyageant \u00e0 l\u2019\u00e9tranger chaque ann\u00e9e. De plus, Isra\u00ebl compte une forte communaut\u00e9 marocaine qui a d\u00e9sormais la possibilit\u00e9 de se rendre dans son pays d\u2019origine en vol direct.<\/p>\n<p>Pour 2022, l\u2019ONMT table sur 200.000 visiteurs en provenance du march\u00e9 isra\u00e9lien. Un nombre appel\u00e9 \u00e0 cro\u00eetre exponentiellement au courant des prochaines ann\u00e9es.<br \/>\nRappelons que le Maroc et Isra\u00ebl sont li\u00e9s par des connexions a\u00e9riennes directes op\u00e9r\u00e9es d\u2019une part par la compagnie nationale Royal Air Maroc et d\u2019autre part par les compagnies isra\u00e9liennes El Al, Israir et plus r\u00e9cemment Arkia gr\u00e2ce \u00e0 des partenariats scell\u00e9s entre ces compagnies et l\u2019ONMT.<\/p>\n<\/div>\n<p>Auteur: Mohamed Laabid<br \/>\n<a href=\"https:\/\/aujourdhui.ma\/economie\/salon-international-mediterranean-tourism-market-agadir-souss-massa-dans-les-radars-des-to-israeliens\">Cliquez ici pour lire l&rsquo;article depuis sa source.<\/a><\/p>\n","protected":false},"excerpt":{"rendered":"<p>Pour 2022, l\u2019ONMT table sur 200.000 visiteurs en provenance du march\u00e9 isra\u00e9lien. Un nombre appel\u00e9 \u00e0 cro\u00eetre exponentiellement au courant des prochaines ann\u00e9es. Le Salon international Mediterranean Tourism Market (IMTM ) \u00e0 Tel-Aviv tenu les 29 et 30 mars a \u00e9t\u00e9 marqu\u00e9 par une participation remarqu\u00e9e de la r\u00e9gion Souss-Massa repr\u00e9sent\u00e9e par le Conseil r\u00e9gional [&hellip;]<\/p>\n","protected":false},"author":1759,"featured_media":0,"comment_status":"closed","ping_status":"closed","sticky":false,"template":"","format":"standard","meta":{"fifu_image_url":"https:\/\/aujourdhui.ma\/wp-content\/uploads\/2022\/03\/Salon-international-Mediterranean-Tourism-Market-300x153.jpg","fifu_image_alt":"Salon international Mediterranean Tourism Market  : Agadir Souss Massa dans les radars  des TO isra\u00e9liens","footnotes":""},"categories":[73,54],"tags":[],"class_list":["post-144366","post","type-post","status-publish","format-standard","hentry","category-actualite","category-maroc"],"_links":{"self":[{"href":"https:\/\/linitiative.ca\/International\/wp-json\/wp\/v2\/posts\/144366","targetHints":{"allow":["GET"]}}],"collection":[{"href":"https:\/\/linitiative.ca\/International\/wp-json\/wp\/v2\/posts"}],"about":[{"href":"https:\/\/linitiative.ca\/International\/wp-json\/wp\/v2\/types\/post"}],"author":[{"embeddable":true,"href":"https:\/\/linitiative.ca\/International\/wp-json\/wp\/v2\/users\/1759"}],"replies":[{"embeddable":true,"href":"https:\/\/linitiative.ca\/International\/wp-json\/wp\/v2\/comments?post=144366"}],"version-history":[{"count":0,"href":"https:\/\/linitiative.ca\/International\/wp-json\/wp\/v2\/posts\/144366\/revisions"}],"wp:attachment":[{"href":"https:\/\/linitiative.ca\/International\/wp-json\/wp\/v2\/media?parent=144366"}],"wp:term":[{"taxonomy":"category","embeddable":true,"href":"https:\/\/linitiative.ca\/International\/wp-json\/wp\/v2\/categories?post=144366"},{"taxonomy":"post_tag","embeddable":true,"href":"https:\/\/linitiative.ca\/International\/wp-json\/wp\/v2\/tags?post=144366"}],"curies":[{"name":"wp","href":"https:\/\/api.w.org\/{rel}","templated":true}]}}