{"id":144368,"date":"2022-03-31T11:26:48","date_gmt":"2022-03-31T15:26:48","guid":{"rendered":"https:\/\/linitiative.ca\/International\/sm-le-roi-a-adresse-une-invitation-au-president-du-gouvernement-espagnol-pour-effectuer-une-visite-au-maroc\/"},"modified":"2022-03-31T11:26:48","modified_gmt":"2022-03-31T15:26:48","slug":"sm-le-roi-a-adresse-une-invitation-au-president-du-gouvernement-espagnol-pour-effectuer-une-visite-au-maroc","status":"publish","type":"post","link":"https:\/\/linitiative.ca\/International\/sm-le-roi-a-adresse-une-invitation-au-president-du-gouvernement-espagnol-pour-effectuer-une-visite-au-maroc\/","title":{"rendered":"SM le Roi a adress\u00e9 une invitation\u00a0au Pr\u00e9sident du Gouvernement espagnol pour effectuer une visite au Maroc"},"content":{"rendered":"<div>\n<p><img loading=\"lazy\" decoding=\"async\" width=\"300\" height=\"153\" src=\"https:\/\/linitiative.ca\/International\/wp-content\/uploads\/sites\/23\/2022\/03\/Sm-le-Roi-Mohammed-VI-et-sanchez-pedro-300x153-1.jpg\" class=\"attachment-medium size-medium wp-post-image\" alt=\"\" srcset=\"https:\/\/linitiative.ca\/International\/wp-content\/uploads\/sites\/23\/2022\/03\/Sm-le-Roi-Mohammed-VI-et-sanchez-pedro-300x153-1.jpg 300w, https:\/\/aujourdhui.ma\/wp-content\/uploads\/2022\/03\/Sm-le-Roi-Mohammed-VI-et-sanchez-pedro-274x140.jpg 274w, https:\/\/aujourdhui.ma\/wp-content\/uploads\/2022\/03\/Sm-le-Roi-Mohammed-VI-et-sanchez-pedro.jpg 746w, https:\/\/aujourdhui.ma\/wp-content\/uploads\/2022\/03\/Sm-le-Roi-Mohammed-VI-et-sanchez-pedro-165x84.jpg 165w, https:\/\/aujourdhui.ma\/wp-content\/uploads\/2022\/03\/Sm-le-Roi-Mohammed-VI-et-sanchez-pedro-702x358.jpg 702w\" sizes=\"auto, (max-width: 300px) 100vw, 300px\"><\/p>\n<p><span style=\"color: #800000;\"><strong>\u00ab\u00a0Sa Majest\u00e9 le Roi Mohammed VI, Que Dieu L\u2019assiste, a eu, ce jour, un entretien t\u00e9l\u00e9phonique avec le Pr\u00e9sident du Gouvernement espagnol, S.E.M. Pedro S\u00e1nchez.<\/strong><\/span><span id=\"more-403967\"><\/span><\/p>\n<p>Au cours de cet \u00e9change, Sa Majest\u00e9 le Roi a r\u00e9it\u00e9r\u00e9 Sa Haute appr\u00e9ciation pour le contenu du message qui Lui a \u00e9t\u00e9 adress\u00e9, le 14 mars, par le Pr\u00e9sident du Gouvernement espagnol.<\/p>\n<p>Cette lettre est conforme \u00e0 l\u2019esprit du Discours de Sa Majest\u00e9 le Roi Mohammed VI, Que Dieu L\u2019assiste, du 20 ao\u00fbt 2021 et r\u00e9pond \u00e0 l\u2019appel de Sa Majest\u00e9 le Roi \u00e0 \u00ab\u00a0inaugurer une \u00e9tape in\u00e9dite dans les relations entre les deux pays\u00a0\u00bb.<\/p>\n<p>Ainsi, le partenariat entre les deux pays s\u2019inscrit d\u00e9sormais dans une nouvelle \u00e9tape, fond\u00e9e sur le respect mutuel, la confiance r\u00e9ciproque, la concertation permanente et la coop\u00e9ration franche et loyale.<\/p>\n<p>Dans ce contexte, les diff\u00e9rents Ministres et responsables des deux pays sont appel\u00e9s \u00e0 mettre en \u0153uvre des actions concr\u00e8tes dans le cadre d\u2019une feuille de route ambitieuse et couvrant tous les domaines du partenariat, int\u00e9grant toutes les questions d\u2019int\u00e9r\u00eat commun.<\/p>\n<p>Sa Majest\u00e9 le Roi Mohammed VI, Que Dieu L\u2019assiste, a adress\u00e9, \u00e0 cette occasion, une invitation au Pr\u00e9sident du Gouvernement espagnol, S.E.M. Pedro S\u00e1nchez pour effectuer une visite au Maroc, dans les tr\u00e8s prochains jours\u00a0\u00bb.<\/p>\n<p>\u00a0<\/p>\n<\/div>\n<p>Auteur: ALM<br \/>\n<a href=\"https:\/\/aujourdhui.ma\/politique\/sm-le-roi-a-adresse-une-invitation-au-president-du-gouvernement-espagnol-pour-effectuer-une-visite-au-maroc\">Cliquez ici pour lire l&rsquo;article depuis sa source.<\/a><\/p>\n","protected":false},"excerpt":{"rendered":"<p>\u00ab\u00a0Sa Majest\u00e9 le Roi Mohammed VI, Que Dieu L\u2019assiste, a eu, ce jour, un entretien t\u00e9l\u00e9phonique avec le Pr\u00e9sident du Gouvernement espagnol, S.E.M. Pedro S\u00e1nchez. Au cours de cet \u00e9change, Sa Majest\u00e9 le Roi a r\u00e9it\u00e9r\u00e9 Sa Haute appr\u00e9ciation pour le contenu du message qui Lui a \u00e9t\u00e9 adress\u00e9, le 14 mars, par le Pr\u00e9sident [&hellip;]<\/p>\n","protected":false},"author":1759,"featured_media":0,"comment_status":"closed","ping_status":"closed","sticky":false,"template":"","format":"standard","meta":{"fifu_image_url":"https:\/\/aujourdhui.ma\/wp-content\/uploads\/2022\/03\/Sm-le-Roi-Mohammed-VI-et-sanchez-pedro-300x153.jpg","fifu_image_alt":"SM le Roi a adress\u00e9 une invitation\u00a0au Pr\u00e9sident du Gouvernement espagnol pour effectuer une visite au Maroc","footnotes":""},"categories":[73,54],"tags":[],"class_list":["post-144368","post","type-post","status-publish","format-standard","hentry","category-actualite","category-maroc"],"_links":{"self":[{"href":"https:\/\/linitiative.ca\/International\/wp-json\/wp\/v2\/posts\/144368","targetHints":{"allow":["GET"]}}],"collection":[{"href":"https:\/\/linitiative.ca\/International\/wp-json\/wp\/v2\/posts"}],"about":[{"href":"https:\/\/linitiative.ca\/International\/wp-json\/wp\/v2\/types\/post"}],"author":[{"embeddable":true,"href":"https:\/\/linitiative.ca\/International\/wp-json\/wp\/v2\/users\/1759"}],"replies":[{"embeddable":true,"href":"https:\/\/linitiative.ca\/International\/wp-json\/wp\/v2\/comments?post=144368"}],"version-history":[{"count":0,"href":"https:\/\/linitiative.ca\/International\/wp-json\/wp\/v2\/posts\/144368\/revisions"}],"wp:attachment":[{"href":"https:\/\/linitiative.ca\/International\/wp-json\/wp\/v2\/media?parent=144368"}],"wp:term":[{"taxonomy":"category","embeddable":true,"href":"https:\/\/linitiative.ca\/International\/wp-json\/wp\/v2\/categories?post=144368"},{"taxonomy":"post_tag","embeddable":true,"href":"https:\/\/linitiative.ca\/International\/wp-json\/wp\/v2\/tags?post=144368"}],"curies":[{"name":"wp","href":"https:\/\/api.w.org\/{rel}","templated":true}]}}