{"id":144370,"date":"2022-03-30T14:00:00","date_gmt":"2022-03-30T18:00:00","guid":{"rendered":"https:\/\/linitiative.ca\/International\/21eme-session-ordinaire-du-conseil-executif-de-la-cen-sad\/"},"modified":"2022-03-30T14:00:00","modified_gmt":"2022-03-30T18:00:00","slug":"21eme-session-ordinaire-du-conseil-executif-de-la-cen-sad","status":"publish","type":"post","link":"https:\/\/linitiative.ca\/International\/21eme-session-ordinaire-du-conseil-executif-de-la-cen-sad\/","title":{"rendered":"21\u00e8me Session Ordinaire du Conseil Ex\u00e9cutif de la CEN-SAD"},"content":{"rendered":"<div>\n<p class=\"has-text-align-center has-vivid-red-color has-text-color\"><strong>Ouverture \u00e0 Rabat de la r\u00e9union pr\u00e9paratoire<\/strong><\/p>\n<p class=\"has-black-color has-text-color\"><strong>Les travaux de la r\u00e9union pr\u00e9paratoire des Ambassadeurs, Repr\u00e9sentants permanents et Experts \u00e0 la 21\u00e8me Session Ordinaire du Conseil Ex\u00e9cutif de la Communaut\u00e9 des Etats Sah\u00e9lo-Sahariens (CEN-SAD) ont d\u00e9but\u00e9, lundi apr\u00e8s-midi \u00e0 Rabat.<\/strong><\/p>\n<p class=\"has-black-color has-text-color\">Dans une d\u00e9claration \u00e0 M24, la cha\u00eene d\u2019information en continu de la MAP, le pr\u00e9sident de la r\u00e9union pr\u00e9paratoire des Ambassadeurs, Repr\u00e9sentants permanents et Experts \u00e0 la 21\u00e8me Session Ordinaire du Conseil Ex\u00e9cutif de la (CEN-SAD), M. Mogomtaye Appollinaire a tenu \u00e0 remercier le Royaume du Maroc pour avoir pris les dispositions n\u00e9cessaires en vue de r\u00e9ussir cet \u00e9v\u00e9nement, dont l\u2019objectif \u00ab\u00a0consiste en l\u2019examen des textes essentiels pour la survie de notre institution, la CEN-SAD\u00a0\u00bb.<br \/>\u00ab\u00a0Il n\u2019y a pas eu de r\u00e9union statutaire de la CEN-SAD depuis 2019\u00a0\u00bb, a fait observer M. Appollinaire, louant l\u2019initiative du Maroc d\u2019avoir abrit\u00e9 cette session.<\/p>\n<p class=\"has-black-color has-text-color\">\u00ab\u00a0Nous sommes au Maroc pour relancer une institution qui a connu suffisamment de difficult\u00e9s\u00a0\u00bb, a not\u00e9 le pr\u00e9sident de cette r\u00e9union pr\u00e9paratoire qui s\u2019\u00e9tale sur trois jours, formulant le souhait qu\u2019elle puisse relancer et faire fonctionner la CEN-SAD en vue de lui permettre d\u2019atteindre ses objectifs.<br \/>Selon M. Appollinaire, l\u2019espace communautaire de la CEN-SAD est confront\u00e9 \u00e0 des probl\u00e9matiques diverses, notamment les probl\u00e8mes li\u00e9s \u00e0 la s\u00e9curit\u00e9, \u00e0 la sant\u00e9, \u00e0 l\u2019\u00e9conomie et au d\u00e9veloppement durable.<br \/>\u00ab\u00a0Si nous faisons de la CEN-SAD une institution forte, elle va aider les \u00c9tats membres \u00e0 relever leurs d\u00e9fis\u00a0\u00bb, a-t-il conclu.<\/p>\n<p>L\u2019article <a rel=\"nofollow\" href=\"http:\/\/albayane.press.ma\/21eme-session-ordinaire-du-conseil-executif-de-la-cen-sad.html\">21\u00e8me Session Ordinaire du Conseil Ex\u00e9cutif de la CEN-SAD<\/a> est apparu en premier sur <a rel=\"nofollow\" href=\"http:\/\/albayane.press.ma\/\">ALBAYANE<\/a>.<\/p>\n<\/div>\n<p>Auteur: M&rsquo;hammed rahal<br \/>\n<a href=\"http:\/\/albayane.press.ma\/21eme-session-ordinaire-du-conseil-executif-de-la-cen-sad.html\">Cliquez ici pour lire l&rsquo;article depuis sa source.<\/a><\/p>\n","protected":false},"excerpt":{"rendered":"<p>Ouverture \u00e0 Rabat de la r\u00e9union pr\u00e9paratoire Les travaux de la r\u00e9union pr\u00e9paratoire des Ambassadeurs, Repr\u00e9sentants permanents et Experts \u00e0 la 21\u00e8me Session Ordinaire du Conseil Ex\u00e9cutif de la Communaut\u00e9 des Etats Sah\u00e9lo-Sahariens (CEN-SAD) ont d\u00e9but\u00e9, lundi apr\u00e8s-midi \u00e0 Rabat. Dans une d\u00e9claration \u00e0 M24, la cha\u00eene d\u2019information en continu de la MAP, le pr\u00e9sident [&hellip;]<\/p>\n","protected":false},"author":1760,"featured_media":0,"comment_status":"closed","ping_status":"closed","sticky":false,"template":"","format":"standard","meta":{"fifu_image_url":"","fifu_image_alt":"","footnotes":""},"categories":[73,54],"tags":[],"class_list":["post-144370","post","type-post","status-publish","format-standard","hentry","category-actualite","category-maroc"],"_links":{"self":[{"href":"https:\/\/linitiative.ca\/International\/wp-json\/wp\/v2\/posts\/144370","targetHints":{"allow":["GET"]}}],"collection":[{"href":"https:\/\/linitiative.ca\/International\/wp-json\/wp\/v2\/posts"}],"about":[{"href":"https:\/\/linitiative.ca\/International\/wp-json\/wp\/v2\/types\/post"}],"author":[{"embeddable":true,"href":"https:\/\/linitiative.ca\/International\/wp-json\/wp\/v2\/users\/1760"}],"replies":[{"embeddable":true,"href":"https:\/\/linitiative.ca\/International\/wp-json\/wp\/v2\/comments?post=144370"}],"version-history":[{"count":0,"href":"https:\/\/linitiative.ca\/International\/wp-json\/wp\/v2\/posts\/144370\/revisions"}],"wp:attachment":[{"href":"https:\/\/linitiative.ca\/International\/wp-json\/wp\/v2\/media?parent=144370"}],"wp:term":[{"taxonomy":"category","embeddable":true,"href":"https:\/\/linitiative.ca\/International\/wp-json\/wp\/v2\/categories?post=144370"},{"taxonomy":"post_tag","embeddable":true,"href":"https:\/\/linitiative.ca\/International\/wp-json\/wp\/v2\/tags?post=144370"}],"curies":[{"name":"wp","href":"https:\/\/api.w.org\/{rel}","templated":true}]}}