{"id":144374,"date":"2022-03-30T14:00:00","date_gmt":"2022-03-30T18:00:00","guid":{"rendered":"https:\/\/linitiative.ca\/International\/une-accalmie-fortuite\/"},"modified":"2022-03-30T14:00:00","modified_gmt":"2022-03-30T18:00:00","slug":"une-accalmie-fortuite","status":"publish","type":"post","link":"https:\/\/linitiative.ca\/International\/une-accalmie-fortuite\/","title":{"rendered":"Une accalmie fortuite"},"content":{"rendered":"<div>\n<p class=\"has-black-color has-text-color\"><strong>Alors que la population s\u2019ennuie de l\u2019action gouvernementale, les derni\u00e8res pluies ont apport\u00e9es une s\u00e9r\u00e9nit\u00e9 \u00e0 l\u2019approche du Ramadan. Elle se languit dans son attente \u00e0 vivre concr\u00e8tement les mesures pour la pr\u00e9server du rench\u00e9rissement des prix que l\u2019on ne cesse de constater.<\/strong><\/p>\n<p class=\"has-black-color has-text-color\">Si 2021 a suscit\u00e9e, par la pand\u00e9mie, le malheur des uns\u00a0; elle a aussi fait le bonheur des autres. Ainsi2021 \u00ab\u00a0a \u00e9t\u00e9 une bonne ann\u00e9e pour les banques en g\u00e9n\u00e9ral\u00a0\u00bb\u00a0;elles ont engrang\u00e9 des b\u00e9n\u00e9fices record\u00a0; au moment o\u00f9 l\u2019endettement de l\u2019Etat suivait la m\u00eame tendance.<\/p>\n<p class=\"has-black-color has-text-color\">Si au moins cet endettement \u00e9tait productif d\u2019un d\u00e9veloppement humain, il serait supportable. Qu\u2019il sert \u00e0 combler des \u00ab\u00a0nids de poules\u00a0\u00bb budg\u00e9taires sans r\u00e9pondre \u00e0 am\u00e9liorer le quotidien de la population, il devient un fardeau r\u00e9cusable.<\/p>\n<p class=\"has-black-color has-text-color\">Comme le disent les marocain(e)s, \u00ab\u00a0\u00e0 vouloir comprendre, on devient fou\u00a0\u00bb. C\u2019est ce qui permet auFonds Mon\u00e9taire Internationalqui,en soulignant la crainte d\u2019un \u00ab\u00a0creusement du d\u00e9ficit budg\u00e9taire et la mont\u00e9e de l\u2019endettement public\u00a0\u00bb, voudrait mettre en bi\u00e8re le \u00ab\u00a0nouveau mod\u00e8le de d\u00e9veloppement\u00a0\u00bbalors que sa mise en \u0153uvre est encore plus r\u00e9f\u00e9rentielle qu\u2019op\u00e9rationnelle.<\/p>\n<p class=\"has-black-color has-text-color\">Il faut dire que leFMI, en fin connaisseur de nos \u00e9lites et en \u00e9tant toujours et uniquement la \u00ab\u00a0voix de ses ma\u00eetres\u00a0\u00bb, pr\u00eache le vrai pour accomplir le faux. Le vrai qui r\u00e9side, entre autres, dans la n\u00e9cessit\u00e9 d\u2019une r\u00e9forme fiscale profonde et celle de la rationalisation des d\u00e9penses de l\u2019Etat, dans l\u2019exigence de combler les \u00e9carts du Maroc concernant la qualit\u00e9 du capital humain, d\u2019am\u00e9liorer la gouvernance, de combattre la corruption et d\u2019encourager la participation de la femme au travail. Le faux qui, en fin de compte, emp\u00eacherait l\u2019entreprisedes r\u00e9formes structurelles n\u00e9cessaires \u00e0 l\u2019essor du royaume et \u00e0 la mise \u00e0 niveau des ses politiques publiques pour atteindre un d\u00e9veloppement humain cons\u00e9quent.<\/p>\n<p class=\"has-black-color has-text-color\">Il est remarquable que depuis que le Maroc a subi le programme d\u2019ajustement structurel pr\u00e9conis\u00e9 par le FMI dans les ann\u00e9es soixante dix du vingti\u00e8me si\u00e8cle, cela fait un demi-si\u00e8cle, l\u2019\u00e9conomie nationale ne s\u2019est jamais compl\u00e9tement relev\u00e9e de son accommodation sugg\u00e9r\u00e9e par ce conseiller int\u00e9ress\u00e9.<\/p>\n<p class=\"has-black-color has-text-color\">On pourrait avancer que le FMI mise sur la st\u00e9rilit\u00e9 de l\u2019actiongouvernementale pour \u00e9touffer dans sa gestation et bloquer le \u00ab\u00a0nouveau mod\u00e8le de d\u00e9veloppement\u00a0\u00bb.Et qui vivra verra\u2026<\/p>\n<p class=\"has-black-color has-text-color\">Dans le moment, marqu\u00e9 par un contexte inflationniste certain,l\u2019action gouvernementale ne r\u00e9pond ni aux besoins de la population ni \u00e0 ses aspirations. Pire, les valeurs fondamentales de la soci\u00e9t\u00e9 paraissent menac\u00e9es par des int\u00e9r\u00eats jug\u00e9s incompatibles avec la gouvernance et o\u00f9 le cumul des profits par milliards se fait aux d\u00e9pens du pouvoir d\u2019achat des couches laborieuses de la soci\u00e9t\u00e9.<\/p>\n<p class=\"has-black-color has-text-color\">L\u2019information dont dispose la plus grande partie de la population reste basique\u00a0; une information distill\u00e9e \u00e0 devenir insipide.Faute d\u2019une communication ad\u00e9quate de la part du gouvernement et de d\u00e9bats ouverts, elle donne de la r\u00e9alit\u00e9 une vision d\u00e9sorient\u00e9e et contribue \u00e0 l\u2019usure de la confiance g\u00e9n\u00e9rale \u00e0 tel point que les sentiments qui animent la population mettent en doute le savoir-faire, les connaissances et l\u2019exp\u00e9rience des comp\u00e9tences gouvernementales.<\/p>\n<p class=\"has-black-color has-text-color\">A l\u2019origine externe de la hausse des prix s\u2019ajoute l\u2019opacit\u00e9 des circuits du commerce int\u00e9rieur o\u00f9 l\u2019intervention d\u2019un nombre \u00e9lev\u00e9 d\u2019interm\u00e9diaires contribue \u00e0 la chert\u00e9 du co\u00fbt de la vie. Le d\u00e9veloppement des grandes surfaces urbaines, alors que les souks hebdomadaires de la ruralit\u00e9 sont dans une situation moyen\u00e2geuse, fait consommer plus sans pour autant garantir des prix justes. Le marketing fait son \u0153uvre pour vendre plus.<\/p>\n<p class=\"has-black-color has-text-color\">Les derni\u00e8res pluies, l\u2019imminence du Ramadan et la qualification de l\u2019\u00e9quipe nationale de football au mondial 2022 conduisent \u00e0 une accalmie fortuite. Elle ne peut durer si le gouvernement reste dans sa formulation de v\u0153ux sans agir concr\u00e8tement, et \u00e0 tous les niveaux, pour pr\u00e9server le pouvoir d\u2019achat de la population.<\/p>\n<p>L\u2019article <a rel=\"nofollow\" href=\"http:\/\/albayane.press.ma\/une-accalmie-fortuite.html\">Une accalmie fortuite<\/a> est apparu en premier sur <a rel=\"nofollow\" href=\"http:\/\/albayane.press.ma\/\">ALBAYANE<\/a>.<\/p>\n<\/div>\n<p>Auteur: M&rsquo;hammed rahal<br \/>\n<a href=\"http:\/\/albayane.press.ma\/une-accalmie-fortuite.html\">Cliquez ici pour lire l&rsquo;article depuis sa source.<\/a><\/p>\n","protected":false},"excerpt":{"rendered":"<p>Alors que la population s\u2019ennuie de l\u2019action gouvernementale, les derni\u00e8res pluies ont apport\u00e9es une s\u00e9r\u00e9nit\u00e9 \u00e0 l\u2019approche du Ramadan. Elle se languit dans son attente \u00e0 vivre concr\u00e8tement les mesures pour la pr\u00e9server du rench\u00e9rissement des prix que l\u2019on ne cesse de constater. Si 2021 a suscit\u00e9e, par la pand\u00e9mie, le malheur des uns\u00a0; elle [&hellip;]<\/p>\n","protected":false},"author":1760,"featured_media":0,"comment_status":"closed","ping_status":"closed","sticky":false,"template":"","format":"standard","meta":{"fifu_image_url":"","fifu_image_alt":"","footnotes":""},"categories":[73,54],"tags":[],"class_list":["post-144374","post","type-post","status-publish","format-standard","hentry","category-actualite","category-maroc"],"_links":{"self":[{"href":"https:\/\/linitiative.ca\/International\/wp-json\/wp\/v2\/posts\/144374","targetHints":{"allow":["GET"]}}],"collection":[{"href":"https:\/\/linitiative.ca\/International\/wp-json\/wp\/v2\/posts"}],"about":[{"href":"https:\/\/linitiative.ca\/International\/wp-json\/wp\/v2\/types\/post"}],"author":[{"embeddable":true,"href":"https:\/\/linitiative.ca\/International\/wp-json\/wp\/v2\/users\/1760"}],"replies":[{"embeddable":true,"href":"https:\/\/linitiative.ca\/International\/wp-json\/wp\/v2\/comments?post=144374"}],"version-history":[{"count":0,"href":"https:\/\/linitiative.ca\/International\/wp-json\/wp\/v2\/posts\/144374\/revisions"}],"wp:attachment":[{"href":"https:\/\/linitiative.ca\/International\/wp-json\/wp\/v2\/media?parent=144374"}],"wp:term":[{"taxonomy":"category","embeddable":true,"href":"https:\/\/linitiative.ca\/International\/wp-json\/wp\/v2\/categories?post=144374"},{"taxonomy":"post_tag","embeddable":true,"href":"https:\/\/linitiative.ca\/International\/wp-json\/wp\/v2\/tags?post=144374"}],"curies":[{"name":"wp","href":"https:\/\/api.w.org\/{rel}","templated":true}]}}