{"id":144379,"date":"2022-03-31T08:30:00","date_gmt":"2022-03-31T12:30:00","guid":{"rendered":"https:\/\/linitiative.ca\/International\/le-president-de-la-faf-annonce-sa-demission\/"},"modified":"2022-03-31T08:30:00","modified_gmt":"2022-03-31T12:30:00","slug":"le-president-de-la-faf-annonce-sa-demission","status":"publish","type":"post","link":"https:\/\/linitiative.ca\/International\/le-president-de-la-faf-annonce-sa-demission\/","title":{"rendered":"Le pr\u00e9sident de la FAF annonce sa d\u00e9mission"},"content":{"rendered":"<div>Le pr\u00e9sident de la F\u00e9d\u00e9ration alg\u00e9rienne de football (FAF), Charaf-Eddine Amara a annonc\u00e9 jeudi sa d\u00e9mission de son poste<\/div>\n<p>Auteur:<br \/>\n<a href=\"https:\/\/www.liberte-algerie.com\/actualite\/le-president-de-la-faf-annonce-sa-demission-375798\">Cliquez ici pour lire l&rsquo;article depuis sa source.<\/a><\/p>\n","protected":false},"excerpt":{"rendered":"<p>Le pr\u00e9sident de la F\u00e9d\u00e9ration alg\u00e9rienne de football (FAF), Charaf-Eddine Amara a annonc\u00e9 jeudi sa d\u00e9mission de son poste Auteur: Cliquez ici pour lire l&rsquo;article depuis sa source.<\/p>\n","protected":false},"author":1742,"featured_media":0,"comment_status":"closed","ping_status":"closed","sticky":false,"template":"","format":"standard","meta":{"fifu_image_url":"","fifu_image_alt":"","footnotes":""},"categories":[73,53],"tags":[],"class_list":["post-144379","post","type-post","status-publish","format-standard","hentry","category-actualite","category-algerie"],"_links":{"self":[{"href":"https:\/\/linitiative.ca\/International\/wp-json\/wp\/v2\/posts\/144379","targetHints":{"allow":["GET"]}}],"collection":[{"href":"https:\/\/linitiative.ca\/International\/wp-json\/wp\/v2\/posts"}],"about":[{"href":"https:\/\/linitiative.ca\/International\/wp-json\/wp\/v2\/types\/post"}],"author":[{"embeddable":true,"href":"https:\/\/linitiative.ca\/International\/wp-json\/wp\/v2\/users\/1742"}],"replies":[{"embeddable":true,"href":"https:\/\/linitiative.ca\/International\/wp-json\/wp\/v2\/comments?post=144379"}],"version-history":[{"count":0,"href":"https:\/\/linitiative.ca\/International\/wp-json\/wp\/v2\/posts\/144379\/revisions"}],"wp:attachment":[{"href":"https:\/\/linitiative.ca\/International\/wp-json\/wp\/v2\/media?parent=144379"}],"wp:term":[{"taxonomy":"category","embeddable":true,"href":"https:\/\/linitiative.ca\/International\/wp-json\/wp\/v2\/categories?post=144379"},{"taxonomy":"post_tag","embeddable":true,"href":"https:\/\/linitiative.ca\/International\/wp-json\/wp\/v2\/tags?post=144379"}],"curies":[{"name":"wp","href":"https:\/\/api.w.org\/{rel}","templated":true}]}}